{"id":1827,"date":"2025-10-20T07:02:47","date_gmt":"2025-10-20T07:02:47","guid":{"rendered":"https:\/\/wizio.fr\/blog\/?p=1827"},"modified":"2025-12-04T09:13:42","modified_gmt":"2025-12-04T09:13:42","slug":"ca-boj-sur-les-etf-japonais","status":"publish","type":"post","link":"https:\/\/wizio.fr\/blog\/ca-boj-sur-les-etf-japonais\/","title":{"rendered":"Ca BoJ sur les ETF japonais"},"content":{"rendered":"\r\n<p>La Banque du Japon (BoJ) amorce un virage historique : apr\u00e8s avoir accumul\u00e9 pour 37,2 trillions de yens d\u2019ETF \u00e0 la valeur d\u2019achat (book value), soit un peu plus de 250 milliards de dollars, la BoJ a annonc\u00e9 le 19 septembre dernier entamer une politique de d\u00e9sengagement de ces derniers :<\/p>\r\n\r\n\r\n\r\n<div class=\"wp-block-spacer\" style=\"height: 46px;\" aria-hidden=\"true\">\u00a0<\/div>\r\n\r\n\r\n<div class=\"wp-block-image\">\r\n<figure class=\"aligncenter size-full\"><img fetchpriority=\"high\" decoding=\"async\" width=\"561\" height=\"329\" class=\"wp-image-1829\" src=\"https:\/\/wizio.fr\/blog\/wp-content\/uploads\/2025\/10\/Capture-decran-2025-10-15-173518.png\" alt=\"\" srcset=\"https:\/\/wizio.fr\/blog\/wp-content\/uploads\/2025\/10\/Capture-decran-2025-10-15-173518.png 561w, https:\/\/wizio.fr\/blog\/wp-content\/uploads\/2025\/10\/Capture-decran-2025-10-15-173518-300x176.png 300w\" sizes=\"(max-width: 561px) 100vw, 561px\" \/><\/figure>\r\n<\/div>\r\n\r\n\r\n<div class=\"wp-block-spacer\" style=\"height: 43px;\" aria-hidden=\"true\">\u00a0<\/div>\r\n\r\n\r\n\r\n<h2 class=\"wp-block-heading\">Les achats d\u2019ETF, un programme d\u00e9but\u00e9 d\u00e8s 2010<\/h2>\r\n\r\n\r\n\r\n<p>La Banque du Japon a commenc\u00e9 ses achats d\u2019ETF en octobre 2010, dans le cadre de son premier programme d\u2019assouplissement quantitatif et qualitatif (QE), le \u00ab Asset Purchase Program \u00bb. Ce sont au d\u00e9part des montants limit\u00e9s d\u2019achats d\u2019ETF et de REITs (Real Estate Investment Trust) pour soutenir la liquidit\u00e9 et la confiance.<\/p>\r\n\r\n\r\n\r\n<p>En 2013, sous l\u2019\u00e8re de Haruhiko Kuroda et la politique dite \u00ab Abenomics \u00bb, le programme a \u00e9t\u00e9 fortement amplifi\u00e9 avec le \u00ab Quantitative and Qualitative Monetary Easing (QQE) \u00bb, faisant des ETF un outil central de relance. Enfin, en 2016, la BoJ a doubl\u00e9 son rythme annuel d\u2019achats d\u2019ETF, passant de 3,3 trillions de yens \u00e0 6 trillions, accentuant son r\u00f4le de stabilisateur implicite du march\u00e9 actions japonais.<\/p>\r\n\r\n\r\n\r\n<h2 class=\"wp-block-heading\">Qui c\u2019est le plus gros ? C\u2019est la BoJ !<\/h2>\r\n\r\n\r\n\r\n<p>Leur valeur marchande actuelle d\u00e9passe les 75 trillions de yens, soit environ 508 milliards de dollars. Par ce montage, la BoJ d\u00e9tient environ 7% du march\u00e9 boursier japonais via ces ETF, ce qui en fait l\u2019un des plus gros investisseurs individuels dans les actions japonaises.<\/p>\r\n\r\n\r\n\r\n<p>Le 19 septembre 2025, la BoJ a annonc\u00e9 qu\u2019elle commencerait \u00e0 vendre ces avoirs, mais \u00e0 un rythme tr\u00e8s \u00e9tal\u00e9 : environ 330 milliards de yens par an \u00e0 la valeur d\u2019achat, ce qui repr\u00e9senterait environ 620 milliards de yens par an \u00e0 la valeur de march\u00e9 (\u2248 4,2 milliards de dollars) d\u2019aujourd\u2019hui.<\/p>\r\n\r\n\r\n\r\n<h2 class=\"wp-block-heading\">Faut il \u00eatre inquiet pour le march\u00e9 japonais ?<\/h2>\r\n\r\n\r\n\r\n<p>\u00c0 ce rythme, il faudrait plus de 100 ans pour liquider l\u2019ensemble du portefeuille\u2026 Ce geste marque une \u00e9tape majeure vers la normalisation de la politique mon\u00e9taire, mais t\u00e9moigne aussi de la prudence avec un passage \u00e0 l\u2019acte dos\u00e9 pour \u00e9viter des perturbations sur les march\u00e9s.<\/p>\r\n\r\n\r\n\r\n<p>L\u2019annonce de la Banque du Japon de commencer \u00e0 r\u00e9duire son immense portefeuille d\u2019ETF ouvre plusieurs perspectives pour le march\u00e9 actions japonais :<\/p>\r\n\r\n\r\n\r\n<p>\u00b7 Sc\u00e9nario prudent : si la BoJ respecte son rythme tr\u00e8s \u00e9tal\u00e9 de ventes et soigne sa communication, l\u2019impact restera mod\u00e9r\u00e9. Les indices pourraient dig\u00e9rer progressivement cette normalisation, avec des corrections limit\u00e9es et contenues dans le temps ;<\/p>\r\n\r\n\r\n\r\n<p>\u00b7 Sc\u00e9nario plus agressif : en cas d\u2019acc\u00e9l\u00e9ration des cessions ou de durcissement mon\u00e9taire plus rapide que pr\u00e9vu, le march\u00e9 serait confront\u00e9 \u00e0 davantage de volatilit\u00e9. Les valeurs domestiques et les titres peu liquides seraient les plus vuln\u00e9rables ;<\/p>\r\n\r\n\r\n\r\n<p>\u00b7 Sc\u00e9nario externe d\u00e9favorable : si le d\u00e9sengagement de la BoJ se combine \u00e0 un choc mondial (ralentissement am\u00e9ricain, crise en Chine, tensions g\u00e9opolitiques), l\u2019effet amplificateur pourrait provoquer une sortie massive de capitaux et une correction marqu\u00e9e du march\u00e9 japonais.<\/p>\r\n\r\n\r\n\r\n<p>Pour le moment, nous estimons que nous sommes plut\u00f4t dans le premier sc\u00e9nario.<\/p>\r\n\r\n\r\n\r\n<div class=\"wp-block-spacer\" style=\"height: 100px;\" aria-hidden=\"true\">\u00a0<\/div>\r\n\r\n\r\n<hr class=\"wp-block-separator has-alpha-channel-opacity\" \/>\r\n\r\n\r\n<div class=\"wp-block-group is-nowrap is-layout-flex wp-container-core-group-is-layout-ad2f72ca wp-block-group-is-layout-flex\">\r\n<figure class=\"wp-block-image size-large is-resized\"><img decoding=\"async\" width=\"1024\" height=\"658\" class=\"wp-image-1836\" style=\"width: 198px; height: auto;\" src=\"https:\/\/wizio.fr\/blog\/wp-content\/uploads\/2025\/10\/nouveau_logo_fundesys-1-1024x658.jpg\" alt=\"\" srcset=\"https:\/\/wizio.fr\/blog\/wp-content\/uploads\/2025\/10\/nouveau_logo_fundesys-1-1024x658.jpg 1024w, https:\/\/wizio.fr\/blog\/wp-content\/uploads\/2025\/10\/nouveau_logo_fundesys-1-300x193.jpg 300w, https:\/\/wizio.fr\/blog\/wp-content\/uploads\/2025\/10\/nouveau_logo_fundesys-1-768x493.jpg 768w, https:\/\/wizio.fr\/blog\/wp-content\/uploads\/2025\/10\/nouveau_logo_fundesys-1.jpg 1126w\" sizes=\"(max-width: 1024px) 100vw, 1024px\" \/><\/figure>\r\n\r\n\r\n\r\n<p>Leader ind\u00e9pendant de l\u2019analyse et la s\u00e9lection de fonds, <a href=\"https:\/\/www.fundesys.com\/\"><em><strong><mark class=\"has-inline-color has-vivid-cyan-blue-color\" style=\"background-color: rgba(0, 0, 0, 0);\">FUNDESYS<\/mark> <\/strong><\/em><\/a>est une plateforme ind\u00e9pendante en recherche, due diligences, conseil en s\u00e9lection de fonds, allocation d\u2019actifs, construction et suivi de portefeuilles.<\/p>\r\n<\/div>\r\n\r\n\r\n\r\n<p>Dirig\u00e9e par Ludovic Fechner (fondateur en 2007) et G\u00e9rald Grant qui ont chacun plus de 25 ans d\u2019exp\u00e9rience en multigestion, FUNDESYS conseille aujourd\u2019hui 2 milliards d\u2019euros d\u2019actifs pour le compte de plus de 100 professionnels de l\u2019investissement dans des Cabinets de Gestion de Patrimoine et des Soci\u00e9t\u00e9s de Gestion, aussi bien des boutiques que de tr\u00e8s grandes.<\/p>\r\n\r\n\r\n\r\n<p>Soci\u00e9t\u00e9 \u00e0 taille humaine, choisir aujourd\u2019hui FUNDESYS, c\u2019est avoir l\u2019acc\u00e8s \u00e0 une large palette d\u2019outils \u00e0 forte valeur ajout\u00e9e qui permet de :<\/p>\r\n\r\n\r\n\r\n<ul class=\"wp-block-list\">\r\n<li>S\u00e9lectionner les fonds offrant les couples rendement\/risques pr\u00e9visionnels les plus pertinents dont environ 240 qui sont not\u00e9s et revus au moins trimestriellement\u00a0;<\/li>\r\n\r\n\r\n\r\n<li>Recevoir r\u00e9guli\u00e8rement de nouvelles analyses et id\u00e9es d\u2019investissement\u00a0: Lettre Hebdomadaire, Lettre Mensuelle, Flash d\u2019informations, News hebdo\u2026<\/li>\r\n\r\n\r\n\r\n<li>Faire un assemblage rationnel de fonds compl\u00e9mentaires et justement pond\u00e9r\u00e9s dans une allocation de portefeuille gr\u00e2ce aux portefeuille mod\u00e8le, \u00e0 la gestion pilot\u00e9e ou \u00e0 l\u2019accompagnement pour des fonds d\u00e9di\u00e9s\u00a0;<\/li>\r\n\r\n\r\n\r\n<li>Plus g\u00e9n\u00e9ralement, vous accompagner dans vos choix de s\u00e9lection et d\u2019allocation pour vous faire gagner du temps et faire face \u00e0 vos exigences r\u00e9glementaires.<\/li>\r\n<\/ul>\r\n\r\n\r\n\r\n<p>Consultez notre exemple de <a href=\"https:\/\/wizio.fr\/blog\/wp-content\/uploads\/2025\/09\/NL-septembre-Fundesys-Hebdo-2025-08.29.pdf\"><strong><em><mark class=\"has-inline-color has-vivid-cyan-blue-color\" style=\"background-color: rgba(0, 0, 0, 0);\">Lettre Hebdomadaire<\/mark><\/em><\/strong>,<\/a> l\u2019outil indispensable pour vous qui vous permet de comprendre le contexte de march\u00e9 et les choix des fonds, et notre <a href=\"https:\/\/wizio.fr\/blog\/wp-content\/uploads\/2025\/09\/NL-septembre-Lettre-mensuelle-2025-07-1.pdf\"><strong><em><mark class=\"has-inline-color has-vivid-cyan-blue-color\" style=\"background-color: rgba(0, 0, 0, 0);\">Lettre Mensuelle<\/mark><\/em><\/strong>,<\/a> outil de communication sur les march\u00e9s \u00e0 destination de vos clients qui peut \u00eatre utilis\u00e9 en marque blanche avec le logo de votre cabinet.<\/p>\r\n\r\n\r\n\r\n<div class=\"wp-block-group is-nowrap is-layout-flex wp-container-core-group-is-layout-ad2f72ca wp-block-group-is-layout-flex\">\r\n<figure class=\"wp-block-image size-large is-resized\"><img decoding=\"async\" width=\"888\" height=\"1024\" class=\"wp-image-1669\" style=\"width: 127px; height: auto;\" src=\"https:\/\/wizio.fr\/blog\/wp-content\/uploads\/2025\/05\/Photo-Gerald-Grant-et-Ludovic-Fechner-fd-gris-888x1024.jpg\" alt=\"\" srcset=\"https:\/\/wizio.fr\/blog\/wp-content\/uploads\/2025\/05\/Photo-Gerald-Grant-et-Ludovic-Fechner-fd-gris-888x1024.jpg 888w, https:\/\/wizio.fr\/blog\/wp-content\/uploads\/2025\/05\/Photo-Gerald-Grant-et-Ludovic-Fechner-fd-gris-260x300.jpg 260w, https:\/\/wizio.fr\/blog\/wp-content\/uploads\/2025\/05\/Photo-Gerald-Grant-et-Ludovic-Fechner-fd-gris-768x886.jpg 768w, https:\/\/wizio.fr\/blog\/wp-content\/uploads\/2025\/05\/Photo-Gerald-Grant-et-Ludovic-Fechner-fd-gris.jpg 1080w\" sizes=\"(max-width: 888px) 100vw, 888px\" \/><\/figure>\r\n\r\n\r\n\r\n<p><br \/><br \/><br \/><br \/><br \/><br \/>+33 (7) 60 40 14 78<br \/><a href=\"https:\/\/www.fundesys.com\/\"><\/a><strong><strong><em><a href=\"https:\/\/www.fundesys.com\/\"><\/a><em><a href=\"http:\/\/www.fundesys.com\/contact.aspx\">www.fundesys.com\/contact.aspx<\/a><\/em><\/em><\/strong><\/strong><br \/><br \/><br \/><\/p>\r\n<\/div>\r\n\r\n\r\n\r\n<p>&nbsp;<\/p>\r\n","protected":false},"excerpt":{"rendered":"<p>La Banque du Japon (BoJ) amorce un virage historique : apr\u00e8s avoir accumul\u00e9 pour 37,2 trillions de yens d\u2019ETF \u00e0 la valeur d\u2019achat (book value), soit un peu plus de 250 milliards de dollars, la BoJ a annonc\u00e9 le 19 septembre dernier entamer une politique de d\u00e9sengagement de ces derniers : Les achats d\u2019ETF, un [&hellip;]<\/p>\n","protected":false},"author":4,"featured_media":1842,"comment_status":"closed","ping_status":"open","sticky":false,"template":"","format":"standard","meta":{"footnotes":""},"categories":[78],"tags":[],"class_list":["post-1827","post","type-post","status-publish","format-standard","has-post-thumbnail","hentry","category-fundesys-news"],"yoast_head":"<!-- This site is optimized with the Yoast SEO plugin v27.5 - https:\/\/yoast.com\/product\/yoast-seo-wordpress\/ -->\n<title>Ca BoJ sur les ETF japonais - Wizio<\/title>\n<meta name=\"description\" content=\"La Banque du Japon amorce son d\u00e9sengagement des ETF, un virage historique apr\u00e8s 15 ans d\u2019achats massifs. Un pas prudent vers la normalisation mon\u00e9taire.\" \/>\n<meta name=\"robots\" content=\"index, follow, max-snippet:-1, max-image-preview:large, max-video-preview:-1\" \/>\n<link rel=\"canonical\" href=\"https:\/\/wizio.fr\/blog\/ca-boj-sur-les-etf-japonais\/\" \/>\n<meta property=\"og:locale\" content=\"fr_FR\" \/>\n<meta property=\"og:type\" content=\"article\" \/>\n<meta property=\"og:title\" content=\"Ca BoJ sur les ETF japonais - Wizio\" \/>\n<meta property=\"og:description\" content=\"La Banque du Japon amorce son d\u00e9sengagement des ETF, un virage historique apr\u00e8s 15 ans d\u2019achats massifs. Un pas prudent vers la normalisation mon\u00e9taire.\" \/>\n<meta property=\"og:url\" content=\"https:\/\/wizio.fr\/blog\/ca-boj-sur-les-etf-japonais\/\" \/>\n<meta property=\"og:site_name\" content=\"Wizio\" \/>\n<meta property=\"article:published_time\" content=\"2025-10-20T07:02:47+00:00\" \/>\n<meta property=\"article:modified_time\" content=\"2025-12-04T09:13:42+00:00\" \/>\n<meta property=\"og:image\" content=\"https:\/\/wizio.fr\/blog\/wp-content\/uploads\/2025\/10\/\ud83d\udfe2Banniere-Blog-fundesys-BoJ.png\" \/>\n\t<meta property=\"og:image:width\" content=\"1\" \/>\n\t<meta property=\"og:image:height\" content=\"1\" \/>\n\t<meta property=\"og:image:type\" content=\"image\/png\" \/>\n<meta name=\"author\" content=\"Charlotte\" \/>\n<meta name=\"twitter:card\" content=\"summary_large_image\" \/>\n<meta name=\"twitter:label1\" content=\"\u00c9crit par\" \/>\n\t<meta name=\"twitter:data1\" content=\"Charlotte\" \/>\n\t<meta name=\"twitter:label2\" content=\"Dur\u00e9e de lecture estim\u00e9e\" \/>\n\t<meta name=\"twitter:data2\" content=\"5 minutes\" \/>\n<script type=\"application\/ld+json\" class=\"yoast-schema-graph\">{\"@context\":\"https:\\\/\\\/schema.org\",\"@graph\":[{\"@type\":\"Article\",\"@id\":\"https:\\\/\\\/wizio.fr\\\/blog\\\/ca-boj-sur-les-etf-japonais\\\/#article\",\"isPartOf\":{\"@id\":\"https:\\\/\\\/wizio.fr\\\/blog\\\/ca-boj-sur-les-etf-japonais\\\/\"},\"author\":{\"name\":\"Charlotte\",\"@id\":\"https:\\\/\\\/wizio.fr\\\/blog\\\/#\\\/schema\\\/person\\\/cbbf8c57f1a5d577a545df43a0c3ecf2\"},\"headline\":\"Ca BoJ sur les ETF japonais\",\"datePublished\":\"2025-10-20T07:02:47+00:00\",\"dateModified\":\"2025-12-04T09:13:42+00:00\",\"mainEntityOfPage\":{\"@id\":\"https:\\\/\\\/wizio.fr\\\/blog\\\/ca-boj-sur-les-etf-japonais\\\/\"},\"wordCount\":806,\"publisher\":{\"@id\":\"https:\\\/\\\/wizio.fr\\\/blog\\\/#organization\"},\"image\":{\"@id\":\"https:\\\/\\\/wizio.fr\\\/blog\\\/ca-boj-sur-les-etf-japonais\\\/#primaryimage\"},\"thumbnailUrl\":\"https:\\\/\\\/wizio.fr\\\/blog\\\/wp-content\\\/uploads\\\/2025\\\/10\\\/\ud83d\udfe2Banniere-Blog-fundesys-BoJ.png\",\"articleSection\":[\"Fundesys News\"],\"inLanguage\":\"fr-FR\"},{\"@type\":\"WebPage\",\"@id\":\"https:\\\/\\\/wizio.fr\\\/blog\\\/ca-boj-sur-les-etf-japonais\\\/\",\"url\":\"https:\\\/\\\/wizio.fr\\\/blog\\\/ca-boj-sur-les-etf-japonais\\\/\",\"name\":\"Ca BoJ sur les ETF japonais - Wizio\",\"isPartOf\":{\"@id\":\"https:\\\/\\\/wizio.fr\\\/blog\\\/#website\"},\"primaryImageOfPage\":{\"@id\":\"https:\\\/\\\/wizio.fr\\\/blog\\\/ca-boj-sur-les-etf-japonais\\\/#primaryimage\"},\"image\":{\"@id\":\"https:\\\/\\\/wizio.fr\\\/blog\\\/ca-boj-sur-les-etf-japonais\\\/#primaryimage\"},\"thumbnailUrl\":\"https:\\\/\\\/wizio.fr\\\/blog\\\/wp-content\\\/uploads\\\/2025\\\/10\\\/\ud83d\udfe2Banniere-Blog-fundesys-BoJ.png\",\"datePublished\":\"2025-10-20T07:02:47+00:00\",\"dateModified\":\"2025-12-04T09:13:42+00:00\",\"description\":\"La Banque du Japon amorce son d\u00e9sengagement des ETF, un virage historique apr\u00e8s 15 ans d\u2019achats massifs. Un pas prudent vers la normalisation mon\u00e9taire.\",\"breadcrumb\":{\"@id\":\"https:\\\/\\\/wizio.fr\\\/blog\\\/ca-boj-sur-les-etf-japonais\\\/#breadcrumb\"},\"inLanguage\":\"fr-FR\",\"potentialAction\":[{\"@type\":\"ReadAction\",\"target\":[\"https:\\\/\\\/wizio.fr\\\/blog\\\/ca-boj-sur-les-etf-japonais\\\/\"]}]},{\"@type\":\"ImageObject\",\"inLanguage\":\"fr-FR\",\"@id\":\"https:\\\/\\\/wizio.fr\\\/blog\\\/ca-boj-sur-les-etf-japonais\\\/#primaryimage\",\"url\":\"https:\\\/\\\/wizio.fr\\\/blog\\\/wp-content\\\/uploads\\\/2025\\\/10\\\/\ud83d\udfe2Banniere-Blog-fundesys-BoJ.png\",\"contentUrl\":\"https:\\\/\\\/wizio.fr\\\/blog\\\/wp-content\\\/uploads\\\/2025\\\/10\\\/\ud83d\udfe2Banniere-Blog-fundesys-BoJ.png\",\"caption\":\"D\u00e9sengagement de la banque du Japon des ETF\"},{\"@type\":\"BreadcrumbList\",\"@id\":\"https:\\\/\\\/wizio.fr\\\/blog\\\/ca-boj-sur-les-etf-japonais\\\/#breadcrumb\",\"itemListElement\":[{\"@type\":\"ListItem\",\"position\":1,\"name\":\"Accueil\",\"item\":\"https:\\\/\\\/wizio.fr\\\/blog\\\/\"},{\"@type\":\"ListItem\",\"position\":2,\"name\":\"Ca BoJ sur les ETF japonais\"}]},{\"@type\":\"WebSite\",\"@id\":\"https:\\\/\\\/wizio.fr\\\/blog\\\/#website\",\"url\":\"https:\\\/\\\/wizio.fr\\\/blog\\\/\",\"name\":\"Wizio\",\"description\":\"CRM m\u00e9tier de la gestion de patrimoine\",\"publisher\":{\"@id\":\"https:\\\/\\\/wizio.fr\\\/blog\\\/#organization\"},\"potentialAction\":[{\"@type\":\"SearchAction\",\"target\":{\"@type\":\"EntryPoint\",\"urlTemplate\":\"https:\\\/\\\/wizio.fr\\\/blog\\\/?s={search_term_string}\"},\"query-input\":{\"@type\":\"PropertyValueSpecification\",\"valueRequired\":true,\"valueName\":\"search_term_string\"}}],\"inLanguage\":\"fr-FR\"},{\"@type\":\"Organization\",\"@id\":\"https:\\\/\\\/wizio.fr\\\/blog\\\/#organization\",\"name\":\"Wizio\",\"url\":\"https:\\\/\\\/wizio.fr\\\/blog\\\/\",\"logo\":{\"@type\":\"ImageObject\",\"inLanguage\":\"fr-FR\",\"@id\":\"https:\\\/\\\/wizio.fr\\\/blog\\\/#\\\/schema\\\/logo\\\/image\\\/\",\"url\":\"https:\\\/\\\/wizio.fr\\\/blog\\\/wp-content\\\/uploads\\\/2022\\\/06\\\/wizio-color.png\",\"contentUrl\":\"https:\\\/\\\/wizio.fr\\\/blog\\\/wp-content\\\/uploads\\\/2022\\\/06\\\/wizio-color.png\",\"width\":446,\"height\":143,\"caption\":\"Wizio\"},\"image\":{\"@id\":\"https:\\\/\\\/wizio.fr\\\/blog\\\/#\\\/schema\\\/logo\\\/image\\\/\"},\"sameAs\":[\"https:\\\/\\\/fr.linkedin.com\\\/company\\\/wizio-fr\"]},{\"@type\":\"Person\",\"@id\":\"https:\\\/\\\/wizio.fr\\\/blog\\\/#\\\/schema\\\/person\\\/cbbf8c57f1a5d577a545df43a0c3ecf2\",\"name\":\"Charlotte\",\"image\":{\"@type\":\"ImageObject\",\"inLanguage\":\"fr-FR\",\"@id\":\"https:\\\/\\\/secure.gravatar.com\\\/avatar\\\/e9142f7c079ac57225adcce602125d76529e1bbaceb5f04b14ef2fddff74a787?s=96&d=mm&r=g\",\"url\":\"https:\\\/\\\/secure.gravatar.com\\\/avatar\\\/e9142f7c079ac57225adcce602125d76529e1bbaceb5f04b14ef2fddff74a787?s=96&d=mm&r=g\",\"contentUrl\":\"https:\\\/\\\/secure.gravatar.com\\\/avatar\\\/e9142f7c079ac57225adcce602125d76529e1bbaceb5f04b14ef2fddff74a787?s=96&d=mm&r=g\",\"caption\":\"Charlotte\"},\"sameAs\":[\"https:\\\/\\\/wizio.fr\"],\"url\":\"https:\\\/\\\/wizio.fr\\\/blog\\\/author\\\/charlottewizio-fr\\\/\"}]}<\/script>\n<!-- \/ Yoast SEO plugin. -->","yoast_head_json":{"title":"Ca BoJ sur les ETF japonais - Wizio","description":"La Banque du Japon amorce son d\u00e9sengagement des ETF, un virage historique apr\u00e8s 15 ans d\u2019achats massifs. Un pas prudent vers la normalisation mon\u00e9taire.","robots":{"index":"index","follow":"follow","max-snippet":"max-snippet:-1","max-image-preview":"max-image-preview:large","max-video-preview":"max-video-preview:-1"},"canonical":"https:\/\/wizio.fr\/blog\/ca-boj-sur-les-etf-japonais\/","og_locale":"fr_FR","og_type":"article","og_title":"Ca BoJ sur les ETF japonais - Wizio","og_description":"La Banque du Japon amorce son d\u00e9sengagement des ETF, un virage historique apr\u00e8s 15 ans d\u2019achats massifs. Un pas prudent vers la normalisation mon\u00e9taire.","og_url":"https:\/\/wizio.fr\/blog\/ca-boj-sur-les-etf-japonais\/","og_site_name":"Wizio","article_published_time":"2025-10-20T07:02:47+00:00","article_modified_time":"2025-12-04T09:13:42+00:00","og_image":[{"url":"https:\/\/wizio.fr\/blog\/wp-content\/uploads\/2025\/10\/\ud83d\udfe2Banniere-Blog-fundesys-BoJ.png","width":1,"height":1,"type":"image\/png"}],"author":"Charlotte","twitter_card":"summary_large_image","twitter_misc":{"\u00c9crit par":"Charlotte","Dur\u00e9e de lecture estim\u00e9e":"5 minutes"},"schema":{"@context":"https:\/\/schema.org","@graph":[{"@type":"Article","@id":"https:\/\/wizio.fr\/blog\/ca-boj-sur-les-etf-japonais\/#article","isPartOf":{"@id":"https:\/\/wizio.fr\/blog\/ca-boj-sur-les-etf-japonais\/"},"author":{"name":"Charlotte","@id":"https:\/\/wizio.fr\/blog\/#\/schema\/person\/cbbf8c57f1a5d577a545df43a0c3ecf2"},"headline":"Ca BoJ sur les ETF japonais","datePublished":"2025-10-20T07:02:47+00:00","dateModified":"2025-12-04T09:13:42+00:00","mainEntityOfPage":{"@id":"https:\/\/wizio.fr\/blog\/ca-boj-sur-les-etf-japonais\/"},"wordCount":806,"publisher":{"@id":"https:\/\/wizio.fr\/blog\/#organization"},"image":{"@id":"https:\/\/wizio.fr\/blog\/ca-boj-sur-les-etf-japonais\/#primaryimage"},"thumbnailUrl":"https:\/\/wizio.fr\/blog\/wp-content\/uploads\/2025\/10\/\ud83d\udfe2Banniere-Blog-fundesys-BoJ.png","articleSection":["Fundesys News"],"inLanguage":"fr-FR"},{"@type":"WebPage","@id":"https:\/\/wizio.fr\/blog\/ca-boj-sur-les-etf-japonais\/","url":"https:\/\/wizio.fr\/blog\/ca-boj-sur-les-etf-japonais\/","name":"Ca BoJ sur les ETF japonais - Wizio","isPartOf":{"@id":"https:\/\/wizio.fr\/blog\/#website"},"primaryImageOfPage":{"@id":"https:\/\/wizio.fr\/blog\/ca-boj-sur-les-etf-japonais\/#primaryimage"},"image":{"@id":"https:\/\/wizio.fr\/blog\/ca-boj-sur-les-etf-japonais\/#primaryimage"},"thumbnailUrl":"https:\/\/wizio.fr\/blog\/wp-content\/uploads\/2025\/10\/\ud83d\udfe2Banniere-Blog-fundesys-BoJ.png","datePublished":"2025-10-20T07:02:47+00:00","dateModified":"2025-12-04T09:13:42+00:00","description":"La Banque du Japon amorce son d\u00e9sengagement des ETF, un virage historique apr\u00e8s 15 ans d\u2019achats massifs. Un pas prudent vers la normalisation mon\u00e9taire.","breadcrumb":{"@id":"https:\/\/wizio.fr\/blog\/ca-boj-sur-les-etf-japonais\/#breadcrumb"},"inLanguage":"fr-FR","potentialAction":[{"@type":"ReadAction","target":["https:\/\/wizio.fr\/blog\/ca-boj-sur-les-etf-japonais\/"]}]},{"@type":"ImageObject","inLanguage":"fr-FR","@id":"https:\/\/wizio.fr\/blog\/ca-boj-sur-les-etf-japonais\/#primaryimage","url":"https:\/\/wizio.fr\/blog\/wp-content\/uploads\/2025\/10\/\ud83d\udfe2Banniere-Blog-fundesys-BoJ.png","contentUrl":"https:\/\/wizio.fr\/blog\/wp-content\/uploads\/2025\/10\/\ud83d\udfe2Banniere-Blog-fundesys-BoJ.png","caption":"D\u00e9sengagement de la banque du Japon des ETF"},{"@type":"BreadcrumbList","@id":"https:\/\/wizio.fr\/blog\/ca-boj-sur-les-etf-japonais\/#breadcrumb","itemListElement":[{"@type":"ListItem","position":1,"name":"Accueil","item":"https:\/\/wizio.fr\/blog\/"},{"@type":"ListItem","position":2,"name":"Ca BoJ sur les ETF japonais"}]},{"@type":"WebSite","@id":"https:\/\/wizio.fr\/blog\/#website","url":"https:\/\/wizio.fr\/blog\/","name":"Wizio","description":"CRM m\u00e9tier de la gestion de patrimoine","publisher":{"@id":"https:\/\/wizio.fr\/blog\/#organization"},"potentialAction":[{"@type":"SearchAction","target":{"@type":"EntryPoint","urlTemplate":"https:\/\/wizio.fr\/blog\/?s={search_term_string}"},"query-input":{"@type":"PropertyValueSpecification","valueRequired":true,"valueName":"search_term_string"}}],"inLanguage":"fr-FR"},{"@type":"Organization","@id":"https:\/\/wizio.fr\/blog\/#organization","name":"Wizio","url":"https:\/\/wizio.fr\/blog\/","logo":{"@type":"ImageObject","inLanguage":"fr-FR","@id":"https:\/\/wizio.fr\/blog\/#\/schema\/logo\/image\/","url":"https:\/\/wizio.fr\/blog\/wp-content\/uploads\/2022\/06\/wizio-color.png","contentUrl":"https:\/\/wizio.fr\/blog\/wp-content\/uploads\/2022\/06\/wizio-color.png","width":446,"height":143,"caption":"Wizio"},"image":{"@id":"https:\/\/wizio.fr\/blog\/#\/schema\/logo\/image\/"},"sameAs":["https:\/\/fr.linkedin.com\/company\/wizio-fr"]},{"@type":"Person","@id":"https:\/\/wizio.fr\/blog\/#\/schema\/person\/cbbf8c57f1a5d577a545df43a0c3ecf2","name":"Charlotte","image":{"@type":"ImageObject","inLanguage":"fr-FR","@id":"https:\/\/secure.gravatar.com\/avatar\/e9142f7c079ac57225adcce602125d76529e1bbaceb5f04b14ef2fddff74a787?s=96&d=mm&r=g","url":"https:\/\/secure.gravatar.com\/avatar\/e9142f7c079ac57225adcce602125d76529e1bbaceb5f04b14ef2fddff74a787?s=96&d=mm&r=g","contentUrl":"https:\/\/secure.gravatar.com\/avatar\/e9142f7c079ac57225adcce602125d76529e1bbaceb5f04b14ef2fddff74a787?s=96&d=mm&r=g","caption":"Charlotte"},"sameAs":["https:\/\/wizio.fr"],"url":"https:\/\/wizio.fr\/blog\/author\/charlottewizio-fr\/"}]}},"_links":{"self":[{"href":"https:\/\/wizio.fr\/blog\/wp-json\/wp\/v2\/posts\/1827","targetHints":{"allow":["GET"]}}],"collection":[{"href":"https:\/\/wizio.fr\/blog\/wp-json\/wp\/v2\/posts"}],"about":[{"href":"https:\/\/wizio.fr\/blog\/wp-json\/wp\/v2\/types\/post"}],"author":[{"embeddable":true,"href":"https:\/\/wizio.fr\/blog\/wp-json\/wp\/v2\/users\/4"}],"replies":[{"embeddable":true,"href":"https:\/\/wizio.fr\/blog\/wp-json\/wp\/v2\/comments?post=1827"}],"version-history":[{"count":3,"href":"https:\/\/wizio.fr\/blog\/wp-json\/wp\/v2\/posts\/1827\/revisions"}],"predecessor-version":[{"id":1988,"href":"https:\/\/wizio.fr\/blog\/wp-json\/wp\/v2\/posts\/1827\/revisions\/1988"}],"wp:featuredmedia":[{"embeddable":true,"href":"https:\/\/wizio.fr\/blog\/wp-json\/wp\/v2\/media\/1842"}],"wp:attachment":[{"href":"https:\/\/wizio.fr\/blog\/wp-json\/wp\/v2\/media?parent=1827"}],"wp:term":[{"taxonomy":"category","embeddable":true,"href":"https:\/\/wizio.fr\/blog\/wp-json\/wp\/v2\/categories?post=1827"},{"taxonomy":"post_tag","embeddable":true,"href":"https:\/\/wizio.fr\/blog\/wp-json\/wp\/v2\/tags?post=1827"}],"curies":[{"name":"wp","href":"https:\/\/api.w.org\/{rel}","templated":true}]}}