{"id":1716,"date":"2025-07-17T08:29:13","date_gmt":"2025-07-17T08:29:13","guid":{"rendered":"https:\/\/wizio.fr\/blog\/?p=1716"},"modified":"2025-12-04T10:49:38","modified_gmt":"2025-12-04T10:49:38","slug":"revenu-brut-ou-revenu-net-quid-pour-les-familles-europeennes","status":"publish","type":"post","link":"https:\/\/wizio.fr\/blog\/revenu-brut-ou-revenu-net-quid-pour-les-familles-europeennes\/","title":{"rendered":"Revenu brut ou revenu net : qui pour les familles europ\u00e9ennes ?"},"content":{"rendered":"\r\n<h2 class=\"wp-block-heading\">Ce qui compte est ce qu\u2019il nous reste dans la poche !<\/h2>\r\n\r\n\r\n\r\n<p>Il est \u00e9vident que ce n\u2019est plus tant le niveau de revenu brut qui d\u00e9termine le confort \u00e9conomique d\u2019un foyer, mais le montant effectivement conserv\u00e9 apr\u00e8s imp\u00f4ts et cotisations sociales. Autrement dit : la diff\u00e9rence entre ce que l\u2019on gagne et ce que l\u2019on garde est cruciale. Dans un continent connu pour ses taux d\u2019imposition \u00e9lev\u00e9s, les disparit\u00e9s entre les pays europ\u00e9ens sont marqu\u00e9es, et parfois contre-intuitives. Le graphique ci-dessous prend en consid\u00e9ration des familles ayant deux revenus et deux enfants :<\/p>\r\n\r\n\r\n\r\n<h2 class=\"wp-block-heading\">La Suisse, championne du taux de r\u00e9tention quand il s\u2019agit de revenus<\/h2>\r\n\r\n\r\n\r\n<p>Prenons l\u2019exemple de la Suisse. En 2024, les familles suisses avec deux revenus ont per\u00e7u un revenu brut moyen de plus de 208 000 \u20ac. Mais surtout, elles ont conserv\u00e9 86% de cette somme, soit environ 178 500 \u20ac de revenu net. Ce taux de r\u00e9tention, parmi les plus \u00e9lev\u00e9s d\u2019Europe, s\u2019explique par une fiscalit\u00e9 directe relativement mod\u00e9r\u00e9e et un syst\u00e8me de contributions sociales qui, bien que contraignant, offre en retour des prestations substantielles : d\u00e9ductions fiscales pour la garde d\u2019enfants, allocations mensuelles, subventions pour les cr\u00e8ches\u2026 autant de dispositifs qui optimisent le revenu disponible.<\/p>\r\n\r\n\r\n\r\n<h2 class=\"wp-block-heading\">L\u2019Europe de l\u2019Est moins bien lotie<\/h2>\r\n\r\n\r\n\r\n<p>\u00c0 l\u2019oppos\u00e9, les familles de pays d\u2019Europe de l\u2019Est, comme la Roumanie ou la Lituanie, voient une part importante de leurs revenus absorb\u00e9e par le syst\u00e8me fiscal et social, malgr\u00e9 des taux d\u2019imposition forfaitaires. En Roumanie, par exemple, un revenu brut d\u2019un peu plus de 40 000 \u20ac aboutit \u00e0 un revenu net de seulement 26 766 \u20ac, soit 67% du brut. En Lituanie, pr\u00e8s d\u2019un tiers du revenu dispara\u00eet \u00e9galement.<\/p>\r\n\r\n\r\n\r\n<h2 class=\"wp-block-heading\">La France subit un taux de cotisation et imposition inf\u00e9rieur \u00e0 la moyenne de l\u2019union<\/h2>\r\n\r\n\r\n\r\n<p>A noter que lorsque l\u2019on regarde les pourcentages que repr\u00e9sentent les imp\u00f4ts et autres cotisations dans l\u2019union europ\u00e9enne en relatif aux revenus bruts, c\u2019est la Belgique qui apparait avec le taux le plus \u00e9lev\u00e9 (34,3%) et la Slovaquie avec le plus bas (12,5%). Quant \u00e0 la France, elle affiche un taux de 24,1%, soit inf\u00e9rieur \u00e0 la moyenne de l\u2019union (26,4%). Attention, ce constat est encore une fois pour des familles de deux enfants avec deux revenus, et ne fait pas l\u2019analyse de la fiscalit\u00e9 globale des pays et notamment ce que paient les entreprises en charges et imp\u00f4ts\u2026<\/p>\r\n\r\n\r\n\r\n<h2 class=\"wp-block-heading\">Des m\u00e9canismes de redistribution fiscale peu efficaces<\/h2>\r\n\r\n\r\n\r\n<p>Ces chiffres r\u00e9v\u00e8lent une r\u00e9alit\u00e9 souvent n\u00e9glig\u00e9e : dans certains pays, les m\u00e9canismes de redistribution fiscale peinent \u00e0 corriger les in\u00e9galit\u00e9s. Pire encore, lorsqu\u2019ils reposent sur des imp\u00f4ts proportionnels ou indirects et des transferts sociaux insuffisants, ces syst\u00e8mes peuvent peser plus lourdement sur les m\u00e9nages modestes que sur les plus ais\u00e9s. C\u2019est le cas de plusieurs \u00e9conomies d\u2019Europe centrale et orientale, o\u00f9 l\u2019impact redistributif de la fiscalit\u00e9 est parfois limit\u00e9, voire r\u00e9gressif.<\/p>\r\n\r\n\r\n\r\n<h2 class=\"wp-block-heading\">Le co\u00fbt de la vie, le grand absent de ce tableau<\/h2>\r\n\r\n\r\n\r\n<p>Un autre point majeur, que ce classement n\u2019aborde pas, m\u00e9rite d\u2019\u00eatre soulign\u00e9 : les \u00e9carts de niveau de vie et de co\u00fbt des biens et services entre les pays. Un revenu net \u00e9lev\u00e9 ne se traduit pas n\u00e9cessairement par un meilleur pouvoir d\u2019achat, notamment dans les pays aux co\u00fbts de logement ou de sant\u00e9 plus \u00e9lev\u00e9s.<\/p>\r\n\r\n\r\n\r\n<p>Ce panorama met ainsi en lumi\u00e8re une v\u00e9rit\u00e9 simple : pour \u00e9valuer r\u00e9ellement la sant\u00e9 financi\u00e8re des familles europ\u00e9ennes, il faut d\u00e9passer la seule lecture du revenu brut et s\u2019int\u00e9resser \u00e0 la structure fiscale, aux transferts sociaux, et au co\u00fbt de la vie. C\u2019est l\u00e0 que se joue la r\u00e9alit\u00e9 \u00e9conomique du quotidien.<\/p>\r\n\r\n\r\n\r\n<h2 class=\"wp-block-heading\">La Suisse pas si avantag\u00e9e ?<\/h2>\r\n\r\n\r\n\r\n<p>Si les familles suisses affichent le revenu net annuel le plus \u00e9lev\u00e9 d\u2019Europe et que les familles turques se trouvent \u00e0 l\u2019extr\u00eame oppos\u00e9, une lecture strictement mon\u00e9taire ne permet pas de rendre compte de la r\u00e9alit\u00e9 \u00e9conomique v\u00e9cue par les m\u00e9nages. Une fois les \u00e9carts de co\u00fbt de la vie pris en compte, le classement est profond\u00e9ment modifi\u00e9. En Suisse, malgr\u00e9 un niveau de vie \u00e9lev\u00e9, le pouvoir d\u2019achat effectif des familles chute fortement lorsqu\u2019il est ajust\u00e9 \u00e0 la parit\u00e9 de pouvoir d\u2019achat (PPA). \u00c0 l\u2019inverse, en Turquie, ce m\u00eame ajustement triple virtuellement le revenu disponible, ramenant ainsi les conditions \u00e9conomiques plus proches de la moyenne europ\u00e9enne. Ce ph\u00e9nom\u00e8ne est parfaitement illustr\u00e9 par la comparaison entre l\u2019Irlande et la Turquie. Sur le papier, un foyer irlandais gagne environ 96 000 \u20ac par an apr\u00e8s imp\u00f4ts et cotisations \u2014 un niveau qui le place dans le haut du classement europ\u00e9en. En Turquie, un foyer \u00e9quivalent ne per\u00e7oit que 23 000 \u20ac, soit pr\u00e8s de quatre fois moins. Pourtant, en termes de pouvoir d\u2019achat (calcul\u00e9 en standards de PPA d\u00e9finis par l\u2019Union europ\u00e9enne), les deux familles disposent d\u2019un revenu \u00e9quivalent d\u2019environ 70 000 unit\u00e9s.<\/p>\r\n\r\n\r\n\r\n<h2 class=\"wp-block-heading\">Comparaison n\u2019est pas raison\u2026<\/h2>\r\n\r\n\r\n\r\n<p>Autrement dit, malgr\u00e9 des \u00e9carts mon\u00e9taires spectaculaires, les m\u00e9nages irlandais et turcs peuvent, en moyenne, acc\u00e9der \u00e0 une quantit\u00e9 similaire de biens et de services dans leur pays respectif.<\/p>\r\n\r\n\r\n\r\n<p>Ces observations renforcent un point essentiel : pour comprendre la situation \u00e9conomique r\u00e9elle d\u2019une famille, il ne suffit pas d\u2019observer son revenu en euros. Il faut aussi \u00e9valuer ce que ce revenu permet d\u2019acheter localement, une nuance d\u00e9cisive, qui donne toute sa valeur \u00e0 l\u2019analyse du pouvoir d\u2019achat par la parit\u00e9. Sans elle, les comparaisons internationales restent largement incompl\u00e8tes, voire trompeuses.<\/p>\r\n\r\n\r\n\r\n<div class=\"wp-block-spacer\" style=\"height: 52px;\" aria-hidden=\"true\">\u00a0<\/div>\r\n\r\n\r\n<hr class=\"wp-block-separator has-alpha-channel-opacity\" \/>\r\n\r\n<div class=\"wp-block-image\">\r\n<figure class=\"alignleft size-large is-resized\"><a href=\"https:\/\/www.fundesys.com\/\"><img fetchpriority=\"high\" decoding=\"async\" width=\"1024\" height=\"658\" class=\"wp-image-1605\" style=\"width: 210px; height: auto;\" src=\"https:\/\/wizio.fr\/blog\/wp-content\/uploads\/2025\/04\/nouveau_logo_fundesys-1024x658.jpg\" alt=\"\" srcset=\"https:\/\/wizio.fr\/blog\/wp-content\/uploads\/2025\/04\/nouveau_logo_fundesys-1024x658.jpg 1024w, https:\/\/wizio.fr\/blog\/wp-content\/uploads\/2025\/04\/nouveau_logo_fundesys-300x193.jpg 300w, https:\/\/wizio.fr\/blog\/wp-content\/uploads\/2025\/04\/nouveau_logo_fundesys-768x493.jpg 768w, https:\/\/wizio.fr\/blog\/wp-content\/uploads\/2025\/04\/nouveau_logo_fundesys.jpg 1126w\" sizes=\"(max-width: 1024px) 100vw, 1024px\" \/><\/a><\/figure>\r\n<\/div>\r\n\r\n\r\n<p>Leader ind\u00e9pendant de l\u2019analyse et la s\u00e9lection de fonds, <a href=\"https:\/\/www.fundesys.com\/\"><em><strong><mark class=\"has-inline-color has-vivid-cyan-blue-color\" style=\"background-color: rgba(0, 0, 0, 0);\">FUNDESYS<\/mark> <\/strong><\/em><\/a>est une plateforme ind\u00e9pendante en recherche, due diligences, conseil en s\u00e9lection de fonds, allocation d\u2019actifs, construction et suivi de portefeuilles.<\/p>\r\n\r\n\r\n\r\n<p>Dirig\u00e9e par Ludovic Fechner (fondateur en 2007) et G\u00e9rald Grant qui ont chacun plus de 25 ans d\u2019exp\u00e9rience en multigestion, FUNDESYS conseille aujourd\u2019hui 2 milliards d\u2019euros d\u2019actifs pour le compte de plus de 100 professionnels de l\u2019investissement dans des Cabinets de Gestion de Patrimoine et des Soci\u00e9t\u00e9s de Gestion, aussi bien des boutiques que de tr\u00e8s grandes.<\/p>\r\n\r\n\r\n\r\n<p>Soci\u00e9t\u00e9 \u00e0 taille humaine, choisir aujourd\u2019hui FUNDESYS, c\u2019est avoir l\u2019acc\u00e8s \u00e0 une large palette d\u2019outils \u00e0 forte valeur ajout\u00e9e qui permet de :<\/p>\r\n\r\n\r\n\r\n<ul class=\"wp-block-list\">\r\n<li>S\u00e9lectionner les fonds offrant les couples rendement\/risques pr\u00e9visionnels les plus pertinents dont environ 240 qui sont not\u00e9s et revus au moins trimestriellement\u00a0;<\/li>\r\n\r\n\r\n\r\n<li>Recevoir r\u00e9guli\u00e8rement de nouvelles analyses et id\u00e9es d\u2019investissement\u00a0: Lettre Hebdomadaire, Lettre Mensuelle, Flash d\u2019informations, News hebdo\u2026<\/li>\r\n\r\n\r\n\r\n<li>Faire un assemblage rationnel de fonds compl\u00e9mentaires et justement pond\u00e9r\u00e9s dans une allocation de portefeuille gr\u00e2ce aux portefeuille mod\u00e8le, \u00e0 la gestion pilot\u00e9e ou \u00e0 l\u2019accompagnement pour des fonds d\u00e9di\u00e9s\u00a0;<\/li>\r\n\r\n\r\n\r\n<li>Plus g\u00e9n\u00e9ralement, vous accompagner dans vos choix de s\u00e9lection et d\u2019allocation pour vous faire gagner du temps et faire face \u00e0 vos exigences r\u00e9glementaires.<\/li>\r\n<\/ul>\r\n\r\n\r\n\r\n<p>Consultez notre exemple de <a href=\"https:\/\/wizio.fr\/blog\/wp-content\/uploads\/2025\/07\/Fundesys-Hebdo-2025-06.20-1.pdf\"><strong><em><mark class=\"has-inline-color has-vivid-cyan-blue-color\" style=\"background-color: rgba(0, 0, 0, 0);\">Lettre Hebdomadaire<\/mark><\/em><\/strong>,<\/a> l\u2019outil indispensable pour vous qui vous permet de comprendre le contexte de march\u00e9 et les choix des fonds, et notre <a href=\"https:\/\/wizio.fr\/blog\/wp-content\/uploads\/2025\/07\/Lettre-mensuelle-mai-2025.pdf\"><strong><em><mark class=\"has-inline-color has-vivid-cyan-blue-color\" style=\"background-color: rgba(0, 0, 0, 0);\">Lettre Mensuelle<\/mark><\/em><\/strong>,<\/a> outil de communication sur les march\u00e9s \u00e0 destination de vos clients qui peut \u00eatre utilis\u00e9 en marque blanche avec le logo de votre cabinet.<\/p>\r\n\r\n\r\n\r\n<div class=\"wp-block-group is-nowrap is-layout-flex wp-container-core-group-is-layout-ad2f72ca wp-block-group-is-layout-flex\">\r\n<figure class=\"wp-block-image size-large is-resized\"><img decoding=\"async\" width=\"888\" height=\"1024\" class=\"wp-image-1669\" style=\"width: 127px; height: auto;\" src=\"https:\/\/wizio.fr\/blog\/wp-content\/uploads\/2025\/05\/Photo-Gerald-Grant-et-Ludovic-Fechner-fd-gris-888x1024.jpg\" alt=\"\" srcset=\"https:\/\/wizio.fr\/blog\/wp-content\/uploads\/2025\/05\/Photo-Gerald-Grant-et-Ludovic-Fechner-fd-gris-888x1024.jpg 888w, https:\/\/wizio.fr\/blog\/wp-content\/uploads\/2025\/05\/Photo-Gerald-Grant-et-Ludovic-Fechner-fd-gris-260x300.jpg 260w, https:\/\/wizio.fr\/blog\/wp-content\/uploads\/2025\/05\/Photo-Gerald-Grant-et-Ludovic-Fechner-fd-gris-768x886.jpg 768w, https:\/\/wizio.fr\/blog\/wp-content\/uploads\/2025\/05\/Photo-Gerald-Grant-et-Ludovic-Fechner-fd-gris.jpg 1080w\" sizes=\"(max-width: 888px) 100vw, 888px\" \/><\/figure>\r\n\r\n\r\n\r\n<p><br \/><br \/><br \/><br \/><br \/><br \/>+33 (7) 60 40 14 78<br \/><a href=\"https:\/\/www.fundesys.com\/\"><\/a><strong><strong><em><a href=\"https:\/\/www.fundesys.com\/\"><\/a><em><a href=\"http:\/\/www.fundesys.com\/contact.aspx\">www.fundesys.com\/contact.aspx<\/a><\/em><\/em><\/strong><\/strong><br \/><br \/><br \/><\/p>\r\n<\/div>\r\n","protected":false},"excerpt":{"rendered":"<p>Ce qui compte est ce qu\u2019il nous reste dans la poche ! Il est \u00e9vident que ce n\u2019est plus tant le niveau de revenu brut qui d\u00e9termine le confort \u00e9conomique d\u2019un foyer, mais le montant effectivement conserv\u00e9 apr\u00e8s imp\u00f4ts et cotisations sociales. Autrement dit : la diff\u00e9rence entre ce que l\u2019on gagne et ce que [&hellip;]<\/p>\n","protected":false},"author":4,"featured_media":1739,"comment_status":"closed","ping_status":"open","sticky":false,"template":"","format":"standard","meta":{"footnotes":""},"categories":[78],"tags":[],"class_list":["post-1716","post","type-post","status-publish","format-standard","has-post-thumbnail","hentry","category-fundesys-news"],"yoast_head":"<!-- This site is optimized with the Yoast SEO plugin v27.5 - https:\/\/yoast.com\/product\/yoast-seo-wordpress\/ -->\n<title>Revenu brut ou revenu net : qui pour les familles europ\u00e9ennes ? - Wizio<\/title>\n<meta name=\"description\" content=\"D\u00e9couvrez quel pays europ\u00e9en offre le meilleur revenu net apr\u00e8s imp\u00f4ts pour les familles : fiscalit\u00e9, co\u00fbt de la vie, pouvoir d\u2019achat, comparatif complet.\" \/>\n<meta name=\"robots\" content=\"index, follow, max-snippet:-1, max-image-preview:large, max-video-preview:-1\" \/>\n<link rel=\"canonical\" href=\"https:\/\/wizio.fr\/blog\/revenu-brut-ou-revenu-net-quid-pour-les-familles-europeennes\/\" \/>\n<meta property=\"og:locale\" content=\"fr_FR\" \/>\n<meta property=\"og:type\" content=\"article\" \/>\n<meta property=\"og:title\" content=\"Revenu brut ou revenu net : qui pour les familles europ\u00e9ennes ? - Wizio\" \/>\n<meta property=\"og:description\" content=\"D\u00e9couvrez quel pays europ\u00e9en offre le meilleur revenu net apr\u00e8s imp\u00f4ts pour les familles : fiscalit\u00e9, co\u00fbt de la vie, pouvoir d\u2019achat, comparatif complet.\" \/>\n<meta property=\"og:url\" content=\"https:\/\/wizio.fr\/blog\/revenu-brut-ou-revenu-net-quid-pour-les-familles-europeennes\/\" \/>\n<meta property=\"og:site_name\" content=\"Wizio\" \/>\n<meta property=\"article:published_time\" content=\"2025-07-17T08:29:13+00:00\" \/>\n<meta property=\"article:modified_time\" content=\"2025-12-04T10:49:38+00:00\" \/>\n<meta property=\"og:image\" content=\"https:\/\/wizio.fr\/blog\/wp-content\/uploads\/2025\/07\/Revenus-scaled.png\" \/>\n\t<meta property=\"og:image:width\" content=\"2560\" \/>\n\t<meta property=\"og:image:height\" content=\"1440\" \/>\n\t<meta property=\"og:image:type\" content=\"image\/png\" \/>\n<meta name=\"author\" content=\"Charlotte\" \/>\n<meta name=\"twitter:card\" content=\"summary_large_image\" \/>\n<meta name=\"twitter:label1\" content=\"\u00c9crit par\" \/>\n\t<meta name=\"twitter:data1\" content=\"Charlotte\" \/>\n\t<meta name=\"twitter:label2\" content=\"Dur\u00e9e de lecture estim\u00e9e\" \/>\n\t<meta name=\"twitter:data2\" content=\"7 minutes\" \/>\n<script type=\"application\/ld+json\" class=\"yoast-schema-graph\">{\"@context\":\"https:\\\/\\\/schema.org\",\"@graph\":[{\"@type\":\"Article\",\"@id\":\"https:\\\/\\\/wizio.fr\\\/blog\\\/revenu-brut-ou-revenu-net-quid-pour-les-familles-europeennes\\\/#article\",\"isPartOf\":{\"@id\":\"https:\\\/\\\/wizio.fr\\\/blog\\\/revenu-brut-ou-revenu-net-quid-pour-les-familles-europeennes\\\/\"},\"author\":{\"name\":\"Charlotte\",\"@id\":\"https:\\\/\\\/wizio.fr\\\/blog\\\/#\\\/schema\\\/person\\\/cbbf8c57f1a5d577a545df43a0c3ecf2\"},\"headline\":\"Revenu brut ou revenu net : qui pour les familles europ\u00e9ennes ?\",\"datePublished\":\"2025-07-17T08:29:13+00:00\",\"dateModified\":\"2025-12-04T10:49:38+00:00\",\"mainEntityOfPage\":{\"@id\":\"https:\\\/\\\/wizio.fr\\\/blog\\\/revenu-brut-ou-revenu-net-quid-pour-les-familles-europeennes\\\/\"},\"wordCount\":1274,\"publisher\":{\"@id\":\"https:\\\/\\\/wizio.fr\\\/blog\\\/#organization\"},\"image\":{\"@id\":\"https:\\\/\\\/wizio.fr\\\/blog\\\/revenu-brut-ou-revenu-net-quid-pour-les-familles-europeennes\\\/#primaryimage\"},\"thumbnailUrl\":\"https:\\\/\\\/wizio.fr\\\/blog\\\/wp-content\\\/uploads\\\/2025\\\/07\\\/Revenus-scaled.png\",\"articleSection\":[\"Fundesys News\"],\"inLanguage\":\"fr-FR\"},{\"@type\":\"WebPage\",\"@id\":\"https:\\\/\\\/wizio.fr\\\/blog\\\/revenu-brut-ou-revenu-net-quid-pour-les-familles-europeennes\\\/\",\"url\":\"https:\\\/\\\/wizio.fr\\\/blog\\\/revenu-brut-ou-revenu-net-quid-pour-les-familles-europeennes\\\/\",\"name\":\"Revenu brut ou revenu net : qui pour les familles europ\u00e9ennes ? - Wizio\",\"isPartOf\":{\"@id\":\"https:\\\/\\\/wizio.fr\\\/blog\\\/#website\"},\"primaryImageOfPage\":{\"@id\":\"https:\\\/\\\/wizio.fr\\\/blog\\\/revenu-brut-ou-revenu-net-quid-pour-les-familles-europeennes\\\/#primaryimage\"},\"image\":{\"@id\":\"https:\\\/\\\/wizio.fr\\\/blog\\\/revenu-brut-ou-revenu-net-quid-pour-les-familles-europeennes\\\/#primaryimage\"},\"thumbnailUrl\":\"https:\\\/\\\/wizio.fr\\\/blog\\\/wp-content\\\/uploads\\\/2025\\\/07\\\/Revenus-scaled.png\",\"datePublished\":\"2025-07-17T08:29:13+00:00\",\"dateModified\":\"2025-12-04T10:49:38+00:00\",\"description\":\"D\u00e9couvrez quel pays europ\u00e9en offre le meilleur revenu net apr\u00e8s imp\u00f4ts pour les familles : fiscalit\u00e9, co\u00fbt de la vie, pouvoir d\u2019achat, comparatif complet.\",\"breadcrumb\":{\"@id\":\"https:\\\/\\\/wizio.fr\\\/blog\\\/revenu-brut-ou-revenu-net-quid-pour-les-familles-europeennes\\\/#breadcrumb\"},\"inLanguage\":\"fr-FR\",\"potentialAction\":[{\"@type\":\"ReadAction\",\"target\":[\"https:\\\/\\\/wizio.fr\\\/blog\\\/revenu-brut-ou-revenu-net-quid-pour-les-familles-europeennes\\\/\"]}]},{\"@type\":\"ImageObject\",\"inLanguage\":\"fr-FR\",\"@id\":\"https:\\\/\\\/wizio.fr\\\/blog\\\/revenu-brut-ou-revenu-net-quid-pour-les-familles-europeennes\\\/#primaryimage\",\"url\":\"https:\\\/\\\/wizio.fr\\\/blog\\\/wp-content\\\/uploads\\\/2025\\\/07\\\/Revenus-scaled.png\",\"contentUrl\":\"https:\\\/\\\/wizio.fr\\\/blog\\\/wp-content\\\/uploads\\\/2025\\\/07\\\/Revenus-scaled.png\",\"width\":2560,\"height\":1440,\"caption\":\"Revenu net apr\u00e8s imp\u00f4ts en Europe\"},{\"@type\":\"BreadcrumbList\",\"@id\":\"https:\\\/\\\/wizio.fr\\\/blog\\\/revenu-brut-ou-revenu-net-quid-pour-les-familles-europeennes\\\/#breadcrumb\",\"itemListElement\":[{\"@type\":\"ListItem\",\"position\":1,\"name\":\"Accueil\",\"item\":\"https:\\\/\\\/wizio.fr\\\/blog\\\/\"},{\"@type\":\"ListItem\",\"position\":2,\"name\":\"Revenu brut ou revenu net : qui pour les familles europ\u00e9ennes ?\"}]},{\"@type\":\"WebSite\",\"@id\":\"https:\\\/\\\/wizio.fr\\\/blog\\\/#website\",\"url\":\"https:\\\/\\\/wizio.fr\\\/blog\\\/\",\"name\":\"Wizio\",\"description\":\"CRM m\u00e9tier de la gestion de patrimoine\",\"publisher\":{\"@id\":\"https:\\\/\\\/wizio.fr\\\/blog\\\/#organization\"},\"potentialAction\":[{\"@type\":\"SearchAction\",\"target\":{\"@type\":\"EntryPoint\",\"urlTemplate\":\"https:\\\/\\\/wizio.fr\\\/blog\\\/?s={search_term_string}\"},\"query-input\":{\"@type\":\"PropertyValueSpecification\",\"valueRequired\":true,\"valueName\":\"search_term_string\"}}],\"inLanguage\":\"fr-FR\"},{\"@type\":\"Organization\",\"@id\":\"https:\\\/\\\/wizio.fr\\\/blog\\\/#organization\",\"name\":\"Wizio\",\"url\":\"https:\\\/\\\/wizio.fr\\\/blog\\\/\",\"logo\":{\"@type\":\"ImageObject\",\"inLanguage\":\"fr-FR\",\"@id\":\"https:\\\/\\\/wizio.fr\\\/blog\\\/#\\\/schema\\\/logo\\\/image\\\/\",\"url\":\"https:\\\/\\\/wizio.fr\\\/blog\\\/wp-content\\\/uploads\\\/2022\\\/06\\\/wizio-color.png\",\"contentUrl\":\"https:\\\/\\\/wizio.fr\\\/blog\\\/wp-content\\\/uploads\\\/2022\\\/06\\\/wizio-color.png\",\"width\":446,\"height\":143,\"caption\":\"Wizio\"},\"image\":{\"@id\":\"https:\\\/\\\/wizio.fr\\\/blog\\\/#\\\/schema\\\/logo\\\/image\\\/\"},\"sameAs\":[\"https:\\\/\\\/fr.linkedin.com\\\/company\\\/wizio-fr\"]},{\"@type\":\"Person\",\"@id\":\"https:\\\/\\\/wizio.fr\\\/blog\\\/#\\\/schema\\\/person\\\/cbbf8c57f1a5d577a545df43a0c3ecf2\",\"name\":\"Charlotte\",\"image\":{\"@type\":\"ImageObject\",\"inLanguage\":\"fr-FR\",\"@id\":\"https:\\\/\\\/secure.gravatar.com\\\/avatar\\\/e9142f7c079ac57225adcce602125d76529e1bbaceb5f04b14ef2fddff74a787?s=96&d=mm&r=g\",\"url\":\"https:\\\/\\\/secure.gravatar.com\\\/avatar\\\/e9142f7c079ac57225adcce602125d76529e1bbaceb5f04b14ef2fddff74a787?s=96&d=mm&r=g\",\"contentUrl\":\"https:\\\/\\\/secure.gravatar.com\\\/avatar\\\/e9142f7c079ac57225adcce602125d76529e1bbaceb5f04b14ef2fddff74a787?s=96&d=mm&r=g\",\"caption\":\"Charlotte\"},\"sameAs\":[\"https:\\\/\\\/wizio.fr\"],\"url\":\"https:\\\/\\\/wizio.fr\\\/blog\\\/author\\\/charlottewizio-fr\\\/\"}]}<\/script>\n<!-- \/ Yoast SEO plugin. -->","yoast_head_json":{"title":"Revenu brut ou revenu net : qui pour les familles europ\u00e9ennes ? - Wizio","description":"D\u00e9couvrez quel pays europ\u00e9en offre le meilleur revenu net apr\u00e8s imp\u00f4ts pour les familles : fiscalit\u00e9, co\u00fbt de la vie, pouvoir d\u2019achat, comparatif complet.","robots":{"index":"index","follow":"follow","max-snippet":"max-snippet:-1","max-image-preview":"max-image-preview:large","max-video-preview":"max-video-preview:-1"},"canonical":"https:\/\/wizio.fr\/blog\/revenu-brut-ou-revenu-net-quid-pour-les-familles-europeennes\/","og_locale":"fr_FR","og_type":"article","og_title":"Revenu brut ou revenu net : qui pour les familles europ\u00e9ennes ? - Wizio","og_description":"D\u00e9couvrez quel pays europ\u00e9en offre le meilleur revenu net apr\u00e8s imp\u00f4ts pour les familles : fiscalit\u00e9, co\u00fbt de la vie, pouvoir d\u2019achat, comparatif complet.","og_url":"https:\/\/wizio.fr\/blog\/revenu-brut-ou-revenu-net-quid-pour-les-familles-europeennes\/","og_site_name":"Wizio","article_published_time":"2025-07-17T08:29:13+00:00","article_modified_time":"2025-12-04T10:49:38+00:00","og_image":[{"width":2560,"height":1440,"url":"https:\/\/wizio.fr\/blog\/wp-content\/uploads\/2025\/07\/Revenus-scaled.png","type":"image\/png"}],"author":"Charlotte","twitter_card":"summary_large_image","twitter_misc":{"\u00c9crit par":"Charlotte","Dur\u00e9e de lecture estim\u00e9e":"7 minutes"},"schema":{"@context":"https:\/\/schema.org","@graph":[{"@type":"Article","@id":"https:\/\/wizio.fr\/blog\/revenu-brut-ou-revenu-net-quid-pour-les-familles-europeennes\/#article","isPartOf":{"@id":"https:\/\/wizio.fr\/blog\/revenu-brut-ou-revenu-net-quid-pour-les-familles-europeennes\/"},"author":{"name":"Charlotte","@id":"https:\/\/wizio.fr\/blog\/#\/schema\/person\/cbbf8c57f1a5d577a545df43a0c3ecf2"},"headline":"Revenu brut ou revenu net : qui pour les familles europ\u00e9ennes ?","datePublished":"2025-07-17T08:29:13+00:00","dateModified":"2025-12-04T10:49:38+00:00","mainEntityOfPage":{"@id":"https:\/\/wizio.fr\/blog\/revenu-brut-ou-revenu-net-quid-pour-les-familles-europeennes\/"},"wordCount":1274,"publisher":{"@id":"https:\/\/wizio.fr\/blog\/#organization"},"image":{"@id":"https:\/\/wizio.fr\/blog\/revenu-brut-ou-revenu-net-quid-pour-les-familles-europeennes\/#primaryimage"},"thumbnailUrl":"https:\/\/wizio.fr\/blog\/wp-content\/uploads\/2025\/07\/Revenus-scaled.png","articleSection":["Fundesys News"],"inLanguage":"fr-FR"},{"@type":"WebPage","@id":"https:\/\/wizio.fr\/blog\/revenu-brut-ou-revenu-net-quid-pour-les-familles-europeennes\/","url":"https:\/\/wizio.fr\/blog\/revenu-brut-ou-revenu-net-quid-pour-les-familles-europeennes\/","name":"Revenu brut ou revenu net : qui pour les familles europ\u00e9ennes ? - Wizio","isPartOf":{"@id":"https:\/\/wizio.fr\/blog\/#website"},"primaryImageOfPage":{"@id":"https:\/\/wizio.fr\/blog\/revenu-brut-ou-revenu-net-quid-pour-les-familles-europeennes\/#primaryimage"},"image":{"@id":"https:\/\/wizio.fr\/blog\/revenu-brut-ou-revenu-net-quid-pour-les-familles-europeennes\/#primaryimage"},"thumbnailUrl":"https:\/\/wizio.fr\/blog\/wp-content\/uploads\/2025\/07\/Revenus-scaled.png","datePublished":"2025-07-17T08:29:13+00:00","dateModified":"2025-12-04T10:49:38+00:00","description":"D\u00e9couvrez quel pays europ\u00e9en offre le meilleur revenu net apr\u00e8s imp\u00f4ts pour les familles : fiscalit\u00e9, co\u00fbt de la vie, pouvoir d\u2019achat, comparatif complet.","breadcrumb":{"@id":"https:\/\/wizio.fr\/blog\/revenu-brut-ou-revenu-net-quid-pour-les-familles-europeennes\/#breadcrumb"},"inLanguage":"fr-FR","potentialAction":[{"@type":"ReadAction","target":["https:\/\/wizio.fr\/blog\/revenu-brut-ou-revenu-net-quid-pour-les-familles-europeennes\/"]}]},{"@type":"ImageObject","inLanguage":"fr-FR","@id":"https:\/\/wizio.fr\/blog\/revenu-brut-ou-revenu-net-quid-pour-les-familles-europeennes\/#primaryimage","url":"https:\/\/wizio.fr\/blog\/wp-content\/uploads\/2025\/07\/Revenus-scaled.png","contentUrl":"https:\/\/wizio.fr\/blog\/wp-content\/uploads\/2025\/07\/Revenus-scaled.png","width":2560,"height":1440,"caption":"Revenu net apr\u00e8s imp\u00f4ts en Europe"},{"@type":"BreadcrumbList","@id":"https:\/\/wizio.fr\/blog\/revenu-brut-ou-revenu-net-quid-pour-les-familles-europeennes\/#breadcrumb","itemListElement":[{"@type":"ListItem","position":1,"name":"Accueil","item":"https:\/\/wizio.fr\/blog\/"},{"@type":"ListItem","position":2,"name":"Revenu brut ou revenu net : qui pour les familles europ\u00e9ennes ?"}]},{"@type":"WebSite","@id":"https:\/\/wizio.fr\/blog\/#website","url":"https:\/\/wizio.fr\/blog\/","name":"Wizio","description":"CRM m\u00e9tier de la gestion de patrimoine","publisher":{"@id":"https:\/\/wizio.fr\/blog\/#organization"},"potentialAction":[{"@type":"SearchAction","target":{"@type":"EntryPoint","urlTemplate":"https:\/\/wizio.fr\/blog\/?s={search_term_string}"},"query-input":{"@type":"PropertyValueSpecification","valueRequired":true,"valueName":"search_term_string"}}],"inLanguage":"fr-FR"},{"@type":"Organization","@id":"https:\/\/wizio.fr\/blog\/#organization","name":"Wizio","url":"https:\/\/wizio.fr\/blog\/","logo":{"@type":"ImageObject","inLanguage":"fr-FR","@id":"https:\/\/wizio.fr\/blog\/#\/schema\/logo\/image\/","url":"https:\/\/wizio.fr\/blog\/wp-content\/uploads\/2022\/06\/wizio-color.png","contentUrl":"https:\/\/wizio.fr\/blog\/wp-content\/uploads\/2022\/06\/wizio-color.png","width":446,"height":143,"caption":"Wizio"},"image":{"@id":"https:\/\/wizio.fr\/blog\/#\/schema\/logo\/image\/"},"sameAs":["https:\/\/fr.linkedin.com\/company\/wizio-fr"]},{"@type":"Person","@id":"https:\/\/wizio.fr\/blog\/#\/schema\/person\/cbbf8c57f1a5d577a545df43a0c3ecf2","name":"Charlotte","image":{"@type":"ImageObject","inLanguage":"fr-FR","@id":"https:\/\/secure.gravatar.com\/avatar\/e9142f7c079ac57225adcce602125d76529e1bbaceb5f04b14ef2fddff74a787?s=96&d=mm&r=g","url":"https:\/\/secure.gravatar.com\/avatar\/e9142f7c079ac57225adcce602125d76529e1bbaceb5f04b14ef2fddff74a787?s=96&d=mm&r=g","contentUrl":"https:\/\/secure.gravatar.com\/avatar\/e9142f7c079ac57225adcce602125d76529e1bbaceb5f04b14ef2fddff74a787?s=96&d=mm&r=g","caption":"Charlotte"},"sameAs":["https:\/\/wizio.fr"],"url":"https:\/\/wizio.fr\/blog\/author\/charlottewizio-fr\/"}]}},"_links":{"self":[{"href":"https:\/\/wizio.fr\/blog\/wp-json\/wp\/v2\/posts\/1716","targetHints":{"allow":["GET"]}}],"collection":[{"href":"https:\/\/wizio.fr\/blog\/wp-json\/wp\/v2\/posts"}],"about":[{"href":"https:\/\/wizio.fr\/blog\/wp-json\/wp\/v2\/types\/post"}],"author":[{"embeddable":true,"href":"https:\/\/wizio.fr\/blog\/wp-json\/wp\/v2\/users\/4"}],"replies":[{"embeddable":true,"href":"https:\/\/wizio.fr\/blog\/wp-json\/wp\/v2\/comments?post=1716"}],"version-history":[{"count":6,"href":"https:\/\/wizio.fr\/blog\/wp-json\/wp\/v2\/posts\/1716\/revisions"}],"predecessor-version":[{"id":2001,"href":"https:\/\/wizio.fr\/blog\/wp-json\/wp\/v2\/posts\/1716\/revisions\/2001"}],"wp:featuredmedia":[{"embeddable":true,"href":"https:\/\/wizio.fr\/blog\/wp-json\/wp\/v2\/media\/1739"}],"wp:attachment":[{"href":"https:\/\/wizio.fr\/blog\/wp-json\/wp\/v2\/media?parent=1716"}],"wp:term":[{"taxonomy":"category","embeddable":true,"href":"https:\/\/wizio.fr\/blog\/wp-json\/wp\/v2\/categories?post=1716"},{"taxonomy":"post_tag","embeddable":true,"href":"https:\/\/wizio.fr\/blog\/wp-json\/wp\/v2\/tags?post=1716"}],"curies":[{"name":"wp","href":"https:\/\/api.w.org\/{rel}","templated":true}]}}