{"id":1651,"date":"2025-05-14T14:28:52","date_gmt":"2025-05-14T14:28:52","guid":{"rendered":"https:\/\/wizio.fr\/blog\/?p=1651"},"modified":"2025-12-04T10:53:10","modified_gmt":"2025-12-04T10:53:10","slug":"mag-7-le-retour","status":"publish","type":"post","link":"https:\/\/wizio.fr\/blog\/mag-7-le-retour\/","title":{"rendered":"Mag 7, le retour ?"},"content":{"rendered":"\r\n<p>Apr\u00e8s deux ann\u00e9es de surperformance, les Mag 7, pour m\u00e9moire Apple, Amazon, Alphabet, Meta, Nvidia, Microsoft et Tesla, ont perdu de leur superbe en 2025. Ces titres encore incontournables fin 2024 sont devenus des parias depuis f\u00e9vrier. Pourtant, le rebond entam\u00e9 en avril se poursuit. Assistons-nous au grand retour de la tech am\u00e9ricaine et surtout de ses 7 stars ?<\/p>\r\n\r\n\r\n\r\n<h2 class=\"wp-block-heading\">Encore un tiers du S&amp;P 500<\/h2>\r\n\r\n\r\n\r\n<p>Ce groupe des sept qui a men\u00e9 le bal sur les march\u00e9s actions au cours des derni\u00e8res ann\u00e9es repr\u00e9sentent 1\/3 de la capitalisation boursi\u00e8re de l\u2019indice S&amp;P 500, soit environ 15 000 milliards de dollars. Pour m\u00e9moire, en 2015, elles pesaient un peu plus de 2 200 milliards, soit 12% du S&amp;P 500. Ce dernier a progress\u00e9 de pr\u00e8s de 180% entre 2015 et fin 2024. Mais il a \u00e9t\u00e9 bien aid\u00e9 par les Mag 7 qui ont quant \u00e0 elle progress\u00e9 de pr\u00e8s de 700% sur la p\u00e9riode.<\/p>\r\n\r\n\r\n\r\n<h2 class=\"wp-block-heading\">Les Mag 7 en retard en 2025<\/h2>\r\n\r\n\r\n\r\n<p>Mais entre f\u00e9vrier dernier et l\u2019annonce du moratoire sur les droits de douane, les Mag 7 ont affich\u00e9 un retard sur le S&amp;P 500, et encore plus par rapport au S&amp;P 493 (S&amp;P 500 sans les Mag 7) :<\/p>\r\n\r\n\r\n\r\n<div class=\"wp-block-spacer\" style=\"height: 33px;\" aria-hidden=\"true\">\u00a0<\/div>\r\n\r\n\r\n<div class=\"wp-block-image\">\r\n<figure class=\"aligncenter size-full\"><img fetchpriority=\"high\" decoding=\"async\" width=\"358\" height=\"301\" class=\"wp-image-1652\" src=\"https:\/\/wizio.fr\/blog\/wp-content\/uploads\/2025\/05\/Capture-decran-2025-05-14-093342.png\" alt=\"\" srcset=\"https:\/\/wizio.fr\/blog\/wp-content\/uploads\/2025\/05\/Capture-decran-2025-05-14-093342.png 358w, https:\/\/wizio.fr\/blog\/wp-content\/uploads\/2025\/05\/Capture-decran-2025-05-14-093342-300x252.png 300w\" sizes=\"(max-width: 358px) 100vw, 358px\" \/><\/figure>\r\n<\/div>\r\n\r\n\r\n<div class=\"wp-block-spacer\" style=\"height: 52px;\" aria-hidden=\"true\">\u00a0<\/div>\r\n\r\n\r\n\r\n<p>Comme nous pouvons le voir dans le graphique ci-dessus, arr\u00eat\u00e9 au 9 mai, ces derni\u00e8res affichent un repli de 12% contre un S&amp;P 500 \u00e0 -3%, tandis que le S&amp;P 493 affiche d\u00e9sormais une performance positive \u00e0 +1%. A noter qu\u2019entre le 9 mai et nos commentaires ici pr\u00e9sents, les march\u00e9s ont poursuivi leur rebond avec une grosse s\u00e9ance le lundi 12 mai qui a d\u2019ailleurs permis aux Mag 7 de r\u00e9duire leur \u00e9cart avec les deux autres indices. Nous y reviendrons.<\/p>\r\n\r\n\r\n\r\n<h2 class=\"wp-block-heading\">Des valorisations mises en difficult\u00e9s par les incertitudes<\/h2>\r\n\r\n\r\n\r\n<p>Les valeurs technologiques en g\u00e9n\u00e9ral et les Mag 7 en particulier ont particuli\u00e8rement souffert car leurs valorisations \u00e9taient bien plus \u00e9lev\u00e9es que les autres. Tant que la croissance b\u00e9n\u00e9ficiaire est suffisamment soutenue pour justifier ces valorisations, tout va bien. Mais quand l\u2019incertitude revient sur le devant de la sc\u00e8ne, les difficult\u00e9s apparaissent. Pour le 1er trimestre 2025, les r\u00e9sultats des Mag 7 ont \u00e9t\u00e9 publi\u00e9s en progression de 28% par rapport au 1er trimestre 2024. De son c\u00f4t\u00e9, le S&amp;P 493 publie des b\u00e9n\u00e9fices en hausse de 9%. Si cet \u00e9cart de plus de 3 fois semble donc justifier des valorisations sup\u00e9rieures, nombre de soci\u00e9t\u00e9s tech ayant publi\u00e9 de bons r\u00e9sultats ont annonc\u00e9 que l\u2019avenir incertain pouvait peser sur l\u2019\u00e9volution de leur business pour les prochains trimestres. En cause ? les droits de douanes bien s\u00fbr !<\/p>\r\n\r\n\r\n\r\n<h2 class=\"wp-block-heading\">Des n\u00e9gociations commerciales pour sauver la tech<\/h2>\r\n\r\n\r\n\r\n<p>Mais c\u2019\u00e9tait sans compte sur celui qui se pr\u00e9tend \u00eatre le \u00ab roi du deal \u00bb. En effet, le 12 mai, le secr\u00e9taire au Tr\u00e9sor am\u00e9ricain de Donald Trump, Scott Bessent, a annonc\u00e9 que les \u00c9tats-Unis et la Chine mettraient en pause leurs droits de douane pendant 90 jours, et que chaque camp r\u00e9duirait de 115% les surtaxes impos\u00e9es r\u00e9ciproquement. La r\u00e9action du march\u00e9 a \u00e9t\u00e9 imm\u00e9diate : les Mag 7 ont repris en une s\u00e9ance pr\u00e8s de 6% et le Nasdaq, \u00e0 forte<\/p>\r\n\r\n\r\n\r\n<p>coloration tech, 4,4%. Cette bonne nouvelle pour le secteur devrait donc permettre de lever certaines incertitudes et d\u2019\u00e9viter de voir encore des flux sortants sur le secteur.<\/p>\r\n\r\n\r\n\r\n<h2 class=\"wp-block-heading\">Mieux\u2026 mais pas top !<\/h2>\r\n\r\n\r\n\r\n<p>Cela dit, l\u2019all\u00e9gement des surtaxes n\u2019annonce pas la fin des frictions commerciales. Bien que de nombreuses entreprises tech aient d\u00e9j\u00e0 b\u00e9n\u00e9fici\u00e9 d\u2019exemptions sous l\u2019administration Trump, subsistait la crainte que ces d\u00e9rogations soient temporaires ou que les tensions ne repartent \u00e0 la hausse. Le tournant du 12 mai confirme en revanche que l\u2019ex\u00e9cutif am\u00e9ricain adopte un ton plus conciliant et cherche \u00e0 conclure un accord tangible.<\/p>\r\n\r\n\r\n\r\n<p>La r\u00e9duction de l\u2019incertitude b\u00e9n\u00e9ficie tout particuli\u00e8rement aux valeurs les plus expos\u00e9es aux \u00ab surtaxes s\u00e9v\u00e8res \u00bb sur la Chine, comme les fabricants d\u2019\u00e9quipements dont l\u2019assemblage final a lieu en Chine (smartphones, ordinateurs\u2026), mais aussi des fournisseurs de semi-conducteurs et de composants \u00e9lectroniques d\u00e9pendant \u00e0 la fois des march\u00e9s automobile et industriel et r\u00e9alisant une part importante de leur chiffre d\u2019affaires en Chine.<\/p>\r\n\r\n\r\n\r\n<p>Si la clarification sur les tarifs est bienvenue, chaque entreprise devra continuer \u00e0 justifier ses performances selon ses moteurs de long terme si elles veulent continuer de conserver leur statut de \u00ab chouchou \u00bb de la cote\u2026<\/p>\r\n\r\n\r\n\r\n<div class=\"wp-block-spacer\" style=\"height: 100px;\" aria-hidden=\"true\">\u00a0<\/div>\r\n\r\n\r\n<hr class=\"wp-block-separator has-alpha-channel-opacity\" \/>\r\n\r\n<div class=\"wp-block-image\">\r\n<figure class=\"alignleft size-large is-resized\"><a href=\"https:\/\/www.fundesys.com\/\"><img decoding=\"async\" width=\"1024\" height=\"658\" class=\"wp-image-1605\" style=\"width: 210px; height: auto;\" src=\"https:\/\/wizio.fr\/blog\/wp-content\/uploads\/2025\/04\/nouveau_logo_fundesys-1024x658.jpg\" alt=\"\" srcset=\"https:\/\/wizio.fr\/blog\/wp-content\/uploads\/2025\/04\/nouveau_logo_fundesys-1024x658.jpg 1024w, https:\/\/wizio.fr\/blog\/wp-content\/uploads\/2025\/04\/nouveau_logo_fundesys-300x193.jpg 300w, https:\/\/wizio.fr\/blog\/wp-content\/uploads\/2025\/04\/nouveau_logo_fundesys-768x493.jpg 768w, https:\/\/wizio.fr\/blog\/wp-content\/uploads\/2025\/04\/nouveau_logo_fundesys.jpg 1126w\" sizes=\"(max-width: 1024px) 100vw, 1024px\" \/><\/a><\/figure>\r\n<\/div>\r\n\r\n\r\n<p class=\"has-black-color has-text-color has-link-color wp-elements-7453f8a9bc1d0b0edac4a4e17f24795d\">Leader ind\u00e9pendant de l\u2019analyse et la s\u00e9lection de fonds, <a href=\"https:\/\/www.fundesys.com\/\"><strong><em><mark class=\"has-inline-color has-vivid-cyan-blue-color\" style=\"background-color: rgba(0, 0, 0, 0);\">FUNDESYS <\/mark><\/em><\/strong><\/a>est une plateforme ind\u00e9pendante en recherche, due diligences, conseil en s\u00e9lection de fonds, allocation d\u2019actifs, construction et suivi de portefeuilles.<\/p>\r\n\r\n\r\n\r\n<p>Dirig\u00e9e par Ludovic Fechner (fondateur en 2007) et G\u00e9rald Grant qui ont chacun plus de 25 ans d\u2019exp\u00e9rience en multigestion, FUNDESYS conseille aujourd\u2019hui 2 milliards d\u2019euros d\u2019actifs pour le compte de plus de 100 professionnels de l\u2019investissement dans des Cabinets de Gestion de Patrimoine et des Soci\u00e9t\u00e9s de Gestion, aussi bien des boutiques que de tr\u00e8s grandes.<\/p>\r\n\r\n\r\n\r\n<p>Soci\u00e9t\u00e9 \u00e0 taille humaine, choisir aujourd\u2019hui FUNDESYS, c\u2019est avoir l\u2019acc\u00e8s \u00e0 une large palette d\u2019outils \u00e0 forte valeur ajout\u00e9e qui permet de :<\/p>\r\n\r\n\r\n\r\n<ul class=\"wp-block-list\">\r\n<li>S\u00e9lectionner les fonds offrant les couples rendement\/risques pr\u00e9visionnels les plus pertinents dont environ 240 qui sont not\u00e9s et revus au moins trimestriellement\u00a0;<\/li>\r\n\r\n\r\n\r\n<li>Recevoir r\u00e9guli\u00e8rement de nouvelles analyses et id\u00e9es d\u2019investissement\u00a0: Lettre Hebdomadaire, Lettre Mensuelle, Flash d\u2019informations, News hebdo\u2026<\/li>\r\n\r\n\r\n\r\n<li>Faire un assemblage rationnel de fonds compl\u00e9mentaires et justement pond\u00e9r\u00e9s dans une allocation de portefeuille gr\u00e2ce aux portefeuille mod\u00e8le, \u00e0 la gestion pilot\u00e9e ou \u00e0 l\u2019accompagnement pour des fonds d\u00e9di\u00e9s\u00a0;<\/li>\r\n\r\n\r\n\r\n<li>Plus g\u00e9n\u00e9ralement, vous accompagner dans vos choix de s\u00e9lection et d\u2019allocation pour vous faire gagner du temps et faire face \u00e0 vos exigences r\u00e9glementaires.<\/li>\r\n<\/ul>\r\n\r\n\r\n\r\n<p>Consultez notre exemple de<em><strong><mark class=\"has-inline-color has-vivid-cyan-blue-color\" style=\"background-color: rgba(0, 0, 0, 0);\"> <\/mark><a href=\"https:\/\/wizio.fr\/blog\/wp-content\/uploads\/2025\/05\/Fundesys-Hebdo-2025-04.25.pdf\"><mark class=\"has-inline-color has-vivid-cyan-blue-color\" style=\"background-color: rgba(0, 0, 0, 0);\">Lettre Hebdomadaire<\/mark><\/a><\/strong><\/em><mark class=\"has-inline-color has-black-color\" style=\"background-color: rgba(0, 0, 0, 0);\">,<\/mark> l\u2019outil indispensable pour vous qui vous permet de comprendre le contexte de march\u00e9 et les choix des fonds, et notre <a href=\"https:\/\/wizio.fr\/blog\/wp-content\/uploads\/2025\/05\/Lettre-mensuelle-2025-03.pdf\"><strong><em><mark class=\"has-inline-color has-vivid-cyan-blue-color\" style=\"background-color: rgba(0, 0, 0, 0);\">Lettre Mensuelle<\/mark><\/em><\/strong><\/a>, outil de communication sur les march\u00e9s \u00e0 destination de vos clients qui peut \u00eatre utilis\u00e9 en marque blanche avec le logo de votre cabinet.<\/p>\r\n\r\n\r\n\r\n<div class=\"wp-block-group is-nowrap is-layout-flex wp-container-core-group-is-layout-ad2f72ca wp-block-group-is-layout-flex\">\r\n<figure class=\"wp-block-image size-large is-resized\"><img decoding=\"async\" width=\"888\" height=\"1024\" class=\"wp-image-1669\" style=\"width: 127px; height: auto;\" src=\"https:\/\/wizio.fr\/blog\/wp-content\/uploads\/2025\/05\/Photo-Gerald-Grant-et-Ludovic-Fechner-fd-gris-888x1024.jpg\" alt=\"\" srcset=\"https:\/\/wizio.fr\/blog\/wp-content\/uploads\/2025\/05\/Photo-Gerald-Grant-et-Ludovic-Fechner-fd-gris-888x1024.jpg 888w, https:\/\/wizio.fr\/blog\/wp-content\/uploads\/2025\/05\/Photo-Gerald-Grant-et-Ludovic-Fechner-fd-gris-260x300.jpg 260w, https:\/\/wizio.fr\/blog\/wp-content\/uploads\/2025\/05\/Photo-Gerald-Grant-et-Ludovic-Fechner-fd-gris-768x886.jpg 768w, https:\/\/wizio.fr\/blog\/wp-content\/uploads\/2025\/05\/Photo-Gerald-Grant-et-Ludovic-Fechner-fd-gris.jpg 1080w\" sizes=\"(max-width: 888px) 100vw, 888px\" \/><\/figure>\r\n\r\n\r\n\r\n<p><br \/><br \/><br \/><br \/><br \/><br \/>+33 (7) 60 40 14 78<br \/><a href=\"https:\/\/www.fundesys.com\/\"><\/a><strong><strong><em><a href=\"https:\/\/www.fundesys.com\/\"><\/a><em><a href=\"http:\/\/www.fundesys.com\/contact.aspx\">www.fundesys.com\/contact.aspx<\/a><\/em><\/em><\/strong><\/strong><br \/><br \/><br \/><br \/><\/p>\r\n<\/div>\r\n\r\n\r\n\r\n<p>&nbsp;<\/p>\r\n","protected":false},"excerpt":{"rendered":"<p>Apr\u00e8s deux ann\u00e9es de surperformance, les Mag 7, pour m\u00e9moire Apple, Amazon, Alphabet, Meta, Nvidia, Microsoft et Tesla, ont perdu de leur superbe en 2025. Ces titres encore incontournables fin 2024 sont devenus des parias depuis f\u00e9vrier. Pourtant, le rebond entam\u00e9 en avril se poursuit. Assistons-nous au grand retour de la tech am\u00e9ricaine et surtout [&hellip;]<\/p>\n","protected":false},"author":4,"featured_media":1679,"comment_status":"closed","ping_status":"open","sticky":false,"template":"","format":"standard","meta":{"footnotes":""},"categories":[78],"tags":[],"class_list":["post-1651","post","type-post","status-publish","format-standard","has-post-thumbnail","hentry","category-fundesys-news"],"yoast_head":"<!-- This site is optimized with the Yoast SEO plugin v27.5 - https:\/\/yoast.com\/product\/yoast-seo-wordpress\/ -->\n<title>Mag 7, le retour ? - Wizio<\/title>\n<meta name=\"description\" content=\"Les Mag 7 amorcent un rebond apr\u00e8s un d\u00e9but d\u2019ann\u00e9e difficile. Faut-il croire au retour des g\u00e9ants de la tech face aux incertitudes \u00e9conomiques et commerciales en 2025 ?\" \/>\n<meta name=\"robots\" content=\"index, follow, max-snippet:-1, max-image-preview:large, max-video-preview:-1\" \/>\n<link rel=\"canonical\" href=\"https:\/\/wizio.fr\/blog\/mag-7-le-retour\/\" \/>\n<meta property=\"og:locale\" content=\"fr_FR\" \/>\n<meta property=\"og:type\" content=\"article\" \/>\n<meta property=\"og:title\" content=\"Mag 7, le retour ? - Wizio\" \/>\n<meta property=\"og:description\" content=\"Les Mag 7 amorcent un rebond apr\u00e8s un d\u00e9but d\u2019ann\u00e9e difficile. Faut-il croire au retour des g\u00e9ants de la tech face aux incertitudes \u00e9conomiques et commerciales en 2025 ?\" \/>\n<meta property=\"og:url\" content=\"https:\/\/wizio.fr\/blog\/mag-7-le-retour\/\" \/>\n<meta property=\"og:site_name\" content=\"Wizio\" \/>\n<meta property=\"article:published_time\" content=\"2025-05-14T14:28:52+00:00\" \/>\n<meta property=\"article:modified_time\" content=\"2025-12-04T10:53:10+00:00\" \/>\n<meta property=\"og:image\" content=\"https:\/\/wizio.fr\/blog\/wp-content\/uploads\/2025\/05\/Banniere-blog-agregation-copie-2-scaled.png\" \/>\n\t<meta property=\"og:image:width\" content=\"2560\" \/>\n\t<meta property=\"og:image:height\" content=\"1440\" \/>\n\t<meta property=\"og:image:type\" content=\"image\/png\" \/>\n<meta name=\"author\" content=\"Charlotte\" \/>\n<meta name=\"twitter:card\" content=\"summary_large_image\" \/>\n<meta name=\"twitter:label1\" content=\"\u00c9crit par\" \/>\n\t<meta name=\"twitter:data1\" content=\"Charlotte\" \/>\n\t<meta name=\"twitter:label2\" content=\"Dur\u00e9e de lecture estim\u00e9e\" \/>\n\t<meta name=\"twitter:data2\" content=\"6 minutes\" \/>\n<script type=\"application\/ld+json\" class=\"yoast-schema-graph\">{\"@context\":\"https:\\\/\\\/schema.org\",\"@graph\":[{\"@type\":\"Article\",\"@id\":\"https:\\\/\\\/wizio.fr\\\/blog\\\/mag-7-le-retour\\\/#article\",\"isPartOf\":{\"@id\":\"https:\\\/\\\/wizio.fr\\\/blog\\\/mag-7-le-retour\\\/\"},\"author\":{\"name\":\"Charlotte\",\"@id\":\"https:\\\/\\\/wizio.fr\\\/blog\\\/#\\\/schema\\\/person\\\/cbbf8c57f1a5d577a545df43a0c3ecf2\"},\"headline\":\"Mag 7, le retour ?\",\"datePublished\":\"2025-05-14T14:28:52+00:00\",\"dateModified\":\"2025-12-04T10:53:10+00:00\",\"mainEntityOfPage\":{\"@id\":\"https:\\\/\\\/wizio.fr\\\/blog\\\/mag-7-le-retour\\\/\"},\"wordCount\":1052,\"publisher\":{\"@id\":\"https:\\\/\\\/wizio.fr\\\/blog\\\/#organization\"},\"image\":{\"@id\":\"https:\\\/\\\/wizio.fr\\\/blog\\\/mag-7-le-retour\\\/#primaryimage\"},\"thumbnailUrl\":\"https:\\\/\\\/wizio.fr\\\/blog\\\/wp-content\\\/uploads\\\/2025\\\/05\\\/Banniere-blog-agregation-copie-2-scaled.png\",\"articleSection\":[\"Fundesys News\"],\"inLanguage\":\"fr-FR\"},{\"@type\":\"WebPage\",\"@id\":\"https:\\\/\\\/wizio.fr\\\/blog\\\/mag-7-le-retour\\\/\",\"url\":\"https:\\\/\\\/wizio.fr\\\/blog\\\/mag-7-le-retour\\\/\",\"name\":\"Mag 7, le retour ? - Wizio\",\"isPartOf\":{\"@id\":\"https:\\\/\\\/wizio.fr\\\/blog\\\/#website\"},\"primaryImageOfPage\":{\"@id\":\"https:\\\/\\\/wizio.fr\\\/blog\\\/mag-7-le-retour\\\/#primaryimage\"},\"image\":{\"@id\":\"https:\\\/\\\/wizio.fr\\\/blog\\\/mag-7-le-retour\\\/#primaryimage\"},\"thumbnailUrl\":\"https:\\\/\\\/wizio.fr\\\/blog\\\/wp-content\\\/uploads\\\/2025\\\/05\\\/Banniere-blog-agregation-copie-2-scaled.png\",\"datePublished\":\"2025-05-14T14:28:52+00:00\",\"dateModified\":\"2025-12-04T10:53:10+00:00\",\"description\":\"Les Mag 7 amorcent un rebond apr\u00e8s un d\u00e9but d\u2019ann\u00e9e difficile. Faut-il croire au retour des g\u00e9ants de la tech face aux incertitudes \u00e9conomiques et commerciales en 2025 ?\",\"breadcrumb\":{\"@id\":\"https:\\\/\\\/wizio.fr\\\/blog\\\/mag-7-le-retour\\\/#breadcrumb\"},\"inLanguage\":\"fr-FR\",\"potentialAction\":[{\"@type\":\"ReadAction\",\"target\":[\"https:\\\/\\\/wizio.fr\\\/blog\\\/mag-7-le-retour\\\/\"]}]},{\"@type\":\"ImageObject\",\"inLanguage\":\"fr-FR\",\"@id\":\"https:\\\/\\\/wizio.fr\\\/blog\\\/mag-7-le-retour\\\/#primaryimage\",\"url\":\"https:\\\/\\\/wizio.fr\\\/blog\\\/wp-content\\\/uploads\\\/2025\\\/05\\\/Banniere-blog-agregation-copie-2-scaled.png\",\"contentUrl\":\"https:\\\/\\\/wizio.fr\\\/blog\\\/wp-content\\\/uploads\\\/2025\\\/05\\\/Banniere-blog-agregation-copie-2-scaled.png\",\"width\":2560,\"height\":1440,\"caption\":\"retour Mag 7 2025\"},{\"@type\":\"BreadcrumbList\",\"@id\":\"https:\\\/\\\/wizio.fr\\\/blog\\\/mag-7-le-retour\\\/#breadcrumb\",\"itemListElement\":[{\"@type\":\"ListItem\",\"position\":1,\"name\":\"Accueil\",\"item\":\"https:\\\/\\\/wizio.fr\\\/blog\\\/\"},{\"@type\":\"ListItem\",\"position\":2,\"name\":\"Mag 7, le retour ?\"}]},{\"@type\":\"WebSite\",\"@id\":\"https:\\\/\\\/wizio.fr\\\/blog\\\/#website\",\"url\":\"https:\\\/\\\/wizio.fr\\\/blog\\\/\",\"name\":\"Wizio\",\"description\":\"CRM m\u00e9tier de la gestion de patrimoine\",\"publisher\":{\"@id\":\"https:\\\/\\\/wizio.fr\\\/blog\\\/#organization\"},\"potentialAction\":[{\"@type\":\"SearchAction\",\"target\":{\"@type\":\"EntryPoint\",\"urlTemplate\":\"https:\\\/\\\/wizio.fr\\\/blog\\\/?s={search_term_string}\"},\"query-input\":{\"@type\":\"PropertyValueSpecification\",\"valueRequired\":true,\"valueName\":\"search_term_string\"}}],\"inLanguage\":\"fr-FR\"},{\"@type\":\"Organization\",\"@id\":\"https:\\\/\\\/wizio.fr\\\/blog\\\/#organization\",\"name\":\"Wizio\",\"url\":\"https:\\\/\\\/wizio.fr\\\/blog\\\/\",\"logo\":{\"@type\":\"ImageObject\",\"inLanguage\":\"fr-FR\",\"@id\":\"https:\\\/\\\/wizio.fr\\\/blog\\\/#\\\/schema\\\/logo\\\/image\\\/\",\"url\":\"https:\\\/\\\/wizio.fr\\\/blog\\\/wp-content\\\/uploads\\\/2022\\\/06\\\/wizio-color.png\",\"contentUrl\":\"https:\\\/\\\/wizio.fr\\\/blog\\\/wp-content\\\/uploads\\\/2022\\\/06\\\/wizio-color.png\",\"width\":446,\"height\":143,\"caption\":\"Wizio\"},\"image\":{\"@id\":\"https:\\\/\\\/wizio.fr\\\/blog\\\/#\\\/schema\\\/logo\\\/image\\\/\"},\"sameAs\":[\"https:\\\/\\\/fr.linkedin.com\\\/company\\\/wizio-fr\"]},{\"@type\":\"Person\",\"@id\":\"https:\\\/\\\/wizio.fr\\\/blog\\\/#\\\/schema\\\/person\\\/cbbf8c57f1a5d577a545df43a0c3ecf2\",\"name\":\"Charlotte\",\"image\":{\"@type\":\"ImageObject\",\"inLanguage\":\"fr-FR\",\"@id\":\"https:\\\/\\\/secure.gravatar.com\\\/avatar\\\/e9142f7c079ac57225adcce602125d76529e1bbaceb5f04b14ef2fddff74a787?s=96&d=mm&r=g\",\"url\":\"https:\\\/\\\/secure.gravatar.com\\\/avatar\\\/e9142f7c079ac57225adcce602125d76529e1bbaceb5f04b14ef2fddff74a787?s=96&d=mm&r=g\",\"contentUrl\":\"https:\\\/\\\/secure.gravatar.com\\\/avatar\\\/e9142f7c079ac57225adcce602125d76529e1bbaceb5f04b14ef2fddff74a787?s=96&d=mm&r=g\",\"caption\":\"Charlotte\"},\"sameAs\":[\"https:\\\/\\\/wizio.fr\"],\"url\":\"https:\\\/\\\/wizio.fr\\\/blog\\\/author\\\/charlottewizio-fr\\\/\"}]}<\/script>\n<!-- \/ Yoast SEO plugin. -->","yoast_head_json":{"title":"Mag 7, le retour ? - Wizio","description":"Les Mag 7 amorcent un rebond apr\u00e8s un d\u00e9but d\u2019ann\u00e9e difficile. Faut-il croire au retour des g\u00e9ants de la tech face aux incertitudes \u00e9conomiques et commerciales en 2025 ?","robots":{"index":"index","follow":"follow","max-snippet":"max-snippet:-1","max-image-preview":"max-image-preview:large","max-video-preview":"max-video-preview:-1"},"canonical":"https:\/\/wizio.fr\/blog\/mag-7-le-retour\/","og_locale":"fr_FR","og_type":"article","og_title":"Mag 7, le retour ? - Wizio","og_description":"Les Mag 7 amorcent un rebond apr\u00e8s un d\u00e9but d\u2019ann\u00e9e difficile. Faut-il croire au retour des g\u00e9ants de la tech face aux incertitudes \u00e9conomiques et commerciales en 2025 ?","og_url":"https:\/\/wizio.fr\/blog\/mag-7-le-retour\/","og_site_name":"Wizio","article_published_time":"2025-05-14T14:28:52+00:00","article_modified_time":"2025-12-04T10:53:10+00:00","og_image":[{"width":2560,"height":1440,"url":"https:\/\/wizio.fr\/blog\/wp-content\/uploads\/2025\/05\/Banniere-blog-agregation-copie-2-scaled.png","type":"image\/png"}],"author":"Charlotte","twitter_card":"summary_large_image","twitter_misc":{"\u00c9crit par":"Charlotte","Dur\u00e9e de lecture estim\u00e9e":"6 minutes"},"schema":{"@context":"https:\/\/schema.org","@graph":[{"@type":"Article","@id":"https:\/\/wizio.fr\/blog\/mag-7-le-retour\/#article","isPartOf":{"@id":"https:\/\/wizio.fr\/blog\/mag-7-le-retour\/"},"author":{"name":"Charlotte","@id":"https:\/\/wizio.fr\/blog\/#\/schema\/person\/cbbf8c57f1a5d577a545df43a0c3ecf2"},"headline":"Mag 7, le retour ?","datePublished":"2025-05-14T14:28:52+00:00","dateModified":"2025-12-04T10:53:10+00:00","mainEntityOfPage":{"@id":"https:\/\/wizio.fr\/blog\/mag-7-le-retour\/"},"wordCount":1052,"publisher":{"@id":"https:\/\/wizio.fr\/blog\/#organization"},"image":{"@id":"https:\/\/wizio.fr\/blog\/mag-7-le-retour\/#primaryimage"},"thumbnailUrl":"https:\/\/wizio.fr\/blog\/wp-content\/uploads\/2025\/05\/Banniere-blog-agregation-copie-2-scaled.png","articleSection":["Fundesys News"],"inLanguage":"fr-FR"},{"@type":"WebPage","@id":"https:\/\/wizio.fr\/blog\/mag-7-le-retour\/","url":"https:\/\/wizio.fr\/blog\/mag-7-le-retour\/","name":"Mag 7, le retour ? - Wizio","isPartOf":{"@id":"https:\/\/wizio.fr\/blog\/#website"},"primaryImageOfPage":{"@id":"https:\/\/wizio.fr\/blog\/mag-7-le-retour\/#primaryimage"},"image":{"@id":"https:\/\/wizio.fr\/blog\/mag-7-le-retour\/#primaryimage"},"thumbnailUrl":"https:\/\/wizio.fr\/blog\/wp-content\/uploads\/2025\/05\/Banniere-blog-agregation-copie-2-scaled.png","datePublished":"2025-05-14T14:28:52+00:00","dateModified":"2025-12-04T10:53:10+00:00","description":"Les Mag 7 amorcent un rebond apr\u00e8s un d\u00e9but d\u2019ann\u00e9e difficile. Faut-il croire au retour des g\u00e9ants de la tech face aux incertitudes \u00e9conomiques et commerciales en 2025 ?","breadcrumb":{"@id":"https:\/\/wizio.fr\/blog\/mag-7-le-retour\/#breadcrumb"},"inLanguage":"fr-FR","potentialAction":[{"@type":"ReadAction","target":["https:\/\/wizio.fr\/blog\/mag-7-le-retour\/"]}]},{"@type":"ImageObject","inLanguage":"fr-FR","@id":"https:\/\/wizio.fr\/blog\/mag-7-le-retour\/#primaryimage","url":"https:\/\/wizio.fr\/blog\/wp-content\/uploads\/2025\/05\/Banniere-blog-agregation-copie-2-scaled.png","contentUrl":"https:\/\/wizio.fr\/blog\/wp-content\/uploads\/2025\/05\/Banniere-blog-agregation-copie-2-scaled.png","width":2560,"height":1440,"caption":"retour Mag 7 2025"},{"@type":"BreadcrumbList","@id":"https:\/\/wizio.fr\/blog\/mag-7-le-retour\/#breadcrumb","itemListElement":[{"@type":"ListItem","position":1,"name":"Accueil","item":"https:\/\/wizio.fr\/blog\/"},{"@type":"ListItem","position":2,"name":"Mag 7, le retour ?"}]},{"@type":"WebSite","@id":"https:\/\/wizio.fr\/blog\/#website","url":"https:\/\/wizio.fr\/blog\/","name":"Wizio","description":"CRM m\u00e9tier de la gestion de patrimoine","publisher":{"@id":"https:\/\/wizio.fr\/blog\/#organization"},"potentialAction":[{"@type":"SearchAction","target":{"@type":"EntryPoint","urlTemplate":"https:\/\/wizio.fr\/blog\/?s={search_term_string}"},"query-input":{"@type":"PropertyValueSpecification","valueRequired":true,"valueName":"search_term_string"}}],"inLanguage":"fr-FR"},{"@type":"Organization","@id":"https:\/\/wizio.fr\/blog\/#organization","name":"Wizio","url":"https:\/\/wizio.fr\/blog\/","logo":{"@type":"ImageObject","inLanguage":"fr-FR","@id":"https:\/\/wizio.fr\/blog\/#\/schema\/logo\/image\/","url":"https:\/\/wizio.fr\/blog\/wp-content\/uploads\/2022\/06\/wizio-color.png","contentUrl":"https:\/\/wizio.fr\/blog\/wp-content\/uploads\/2022\/06\/wizio-color.png","width":446,"height":143,"caption":"Wizio"},"image":{"@id":"https:\/\/wizio.fr\/blog\/#\/schema\/logo\/image\/"},"sameAs":["https:\/\/fr.linkedin.com\/company\/wizio-fr"]},{"@type":"Person","@id":"https:\/\/wizio.fr\/blog\/#\/schema\/person\/cbbf8c57f1a5d577a545df43a0c3ecf2","name":"Charlotte","image":{"@type":"ImageObject","inLanguage":"fr-FR","@id":"https:\/\/secure.gravatar.com\/avatar\/e9142f7c079ac57225adcce602125d76529e1bbaceb5f04b14ef2fddff74a787?s=96&d=mm&r=g","url":"https:\/\/secure.gravatar.com\/avatar\/e9142f7c079ac57225adcce602125d76529e1bbaceb5f04b14ef2fddff74a787?s=96&d=mm&r=g","contentUrl":"https:\/\/secure.gravatar.com\/avatar\/e9142f7c079ac57225adcce602125d76529e1bbaceb5f04b14ef2fddff74a787?s=96&d=mm&r=g","caption":"Charlotte"},"sameAs":["https:\/\/wizio.fr"],"url":"https:\/\/wizio.fr\/blog\/author\/charlottewizio-fr\/"}]}},"_links":{"self":[{"href":"https:\/\/wizio.fr\/blog\/wp-json\/wp\/v2\/posts\/1651","targetHints":{"allow":["GET"]}}],"collection":[{"href":"https:\/\/wizio.fr\/blog\/wp-json\/wp\/v2\/posts"}],"about":[{"href":"https:\/\/wizio.fr\/blog\/wp-json\/wp\/v2\/types\/post"}],"author":[{"embeddable":true,"href":"https:\/\/wizio.fr\/blog\/wp-json\/wp\/v2\/users\/4"}],"replies":[{"embeddable":true,"href":"https:\/\/wizio.fr\/blog\/wp-json\/wp\/v2\/comments?post=1651"}],"version-history":[{"count":10,"href":"https:\/\/wizio.fr\/blog\/wp-json\/wp\/v2\/posts\/1651\/revisions"}],"predecessor-version":[{"id":2008,"href":"https:\/\/wizio.fr\/blog\/wp-json\/wp\/v2\/posts\/1651\/revisions\/2008"}],"wp:featuredmedia":[{"embeddable":true,"href":"https:\/\/wizio.fr\/blog\/wp-json\/wp\/v2\/media\/1679"}],"wp:attachment":[{"href":"https:\/\/wizio.fr\/blog\/wp-json\/wp\/v2\/media?parent=1651"}],"wp:term":[{"taxonomy":"category","embeddable":true,"href":"https:\/\/wizio.fr\/blog\/wp-json\/wp\/v2\/categories?post=1651"},{"taxonomy":"post_tag","embeddable":true,"href":"https:\/\/wizio.fr\/blog\/wp-json\/wp\/v2\/tags?post=1651"}],"curies":[{"name":"wp","href":"https:\/\/api.w.org\/{rel}","templated":true}]}}